{"id":8356,"date":"2025-07-01T13:10:07","date_gmt":"2025-07-01T13:10:07","guid":{"rendered":"https:\/\/krankenhauspfarramt.de\/index.php\/2025\/07\/01\/antragsstopp-beim-ehs-ist-sparen-auf-dem-ruecken-betroffener-personen-ekd\/"},"modified":"2025-07-01T13:10:08","modified_gmt":"2025-07-01T13:10:08","slug":"antragsstopp-beim-ehs-ist-sparen-auf-dem-ruecken-betroffener-personen-ekd","status":"publish","type":"post","link":"https:\/\/krankenhauspfarramt.de\/index.php\/2025\/07\/01\/antragsstopp-beim-ehs-ist-sparen-auf-dem-ruecken-betroffener-personen-ekd\/","title":{"rendered":"Antragsstopp beim EHS ist Sparen auf dem R\u00fccken betroffener Personen \u2013 EKD"},"content":{"rendered":"<p> <br \/>\n<\/p>\n<div id=\"\">\n<div class=\"article--meta article--meta__border clearfix\">\n<p>                                    <time datetime=\"01.07.2025 12:00\" class=\"article--time\">01.07.2025<\/time><\/p>\n<p>                                     <strong class=\"article--type primus--overline\">Pressemitteilung<\/strong><\/p>\n<picture class=\"article--source-image image\"><source srcset=\"https:\/\/www.ekd.de\/ekd_de\/ds_img\/assets\/20170622_ekd-Quellenlogo_141_rdax_423x118.png\"><!--<source srcset=\"\/ekd_de\/ds_img\/assets\/20170622_ekd-Quellenlogo_141_rdax_141x39.png 1x, \/ekd_de\/ds_img\/assets\/20170622_ekd-Quellenlogo_141_rdax_282x78.png 2x, https:\/\/www.ekd.de\/ekd_de\/ds_img\/assets\/20170622_ekd-Quellenlogo_141_rdax_423x118.png 3x\">--><\/p>\n<p>    <\/source><\/picture>\n<\/p><\/div><\/div>\n<div id=\"\">\n<p>Im Erg\u00e4nzenden Hilfesystem (EHS) als institutioneller Teil des Fonds Sexueller Missbrauch wurde \u2013 entgegen einer Ank\u00fcndigung aus dem M\u00e4rz \u2013 ein sofortiger Antragsstopp verh\u00e4ngt. Das EHS sollte im August 2025 auslaufen, der Koalitionsvertrag stellt aber eine Fortsetzung in Aussicht.<\/p>\n<p>Die Entscheidung, dass mit sofortiger Wirkung betroffene Personen keine Antr\u00e4ge mehr im Erg\u00e4nzenden Hilfesystem stellen k\u00f6nnen, kritisiert Nancy Janz, Co-Sprecherin der Gruppe der betroffenen Personen im Beteiligungsforum, scharf: \u201eOhne Vorank\u00fcndigung und mit sofortiger Wirkung keine Antr\u00e4ge mehr anzunehmen, ist nicht nur traurig und entt\u00e4uschend f\u00fcr die betroffenen Personen, es ist schlicht Sparpolitik auf dem R\u00fccken betroffener Personen. Betroffene brauchen Planbarkeit und Sicherheit\u201c. Und Detlev Zander, ebenfalls Co-Sprecher der Gruppe der betroffenen Personen im Beteiligungsforum, erg\u00e4nzt: \u201eDas Auslaufen des EHS ist ein fatales politisches Signal. Es gef\u00e4hrdet die Unterst\u00fctzung von Menschen, die sexualisierte Gewalt in Kindheit und Jugend erlitten haben. Wir fordern eine sofortige und dauerhafte Sicherung!\u201c<\/p>\n<p>Der Fonds Sexueller Missbrauch und das Erg\u00e4nzende Hilfesystem stellen aus Sicht des Beteiligungsforums zentrale Bausteine einer staatlichen Verantwortung f\u00fcr Betroffene sexualisierter Gewalt in unserer Gesellschaft dar. \u00dcber viele Jahre hinweg haben diese Unterst\u00fctzungssysteme Betroffenen einen Zugang zu Therapien, M\u00f6glichkeiten der Traumabew\u00e4ltigung und Stabilisierung erm\u00f6glicht. Betroffene Personen konnten bei der Clearingstelle des Fonds Sexueller Missbrauch einen Antrag stellen, der dort unabh\u00e4ngig gepr\u00fcft wurde. Die Finanzierung der Leistungen erfolgte durch die verantwortlichen Institutionen. Die EKD und die Diakonie Deutschland waren seit 2013 am EHS beteiligt und hatten \u2013 auf Vorschlag des Beteiligungsforums \u2013 zum 1. Januar 2024 eine unbefristete Beteiligung an diesem Hilfesystem beschlossen.<\/p>\n<p>Nach dem nun verk\u00fcndeten sofortigen Antragsstopp wiederholen die Sprecher*innen ihre gemeinsame Forderung an die Bundesregierung und ihren Appell an die politischen Entscheidungstr\u00e4ger*innen im Parlament. Dorothee W\u00fcst, Sprecherin der Beauftragten: \u201eDie Unterst\u00fctzung von Betroffenen sexualisierter Gewalt darf keine zeitlich befristete Ma\u00dfnahme sein \u2013 sie muss langfristig gesichert werden. Deshalb haben Kirche und Diakonie ihre Teilnahme am EHS und die entsprechenden Zahlungen entfristet, dem wird jetzt durch Sparentscheidungen der Bundesregierung die Grundlage entzogen. Wir pl\u00e4dieren f\u00fcr staatlich gesicherte, nachhaltige Unterst\u00fctzungs- und Hilfestrukturen. Das EHS bot genauso eine Struktur, gerade auch f\u00fcr betroffene Menschen, die sich nicht selbst an Kirche und Diakonie wenden wollten.\u201c<\/p>\n<p>Hannover, 1. Juli 2025<\/p>\n<p>Die Sprecher*innen des Beteiligungsforums Sexualisierte Gewalt in der EKD und Diakonie<br \/>\u00fcber Pressestelle der EKD<\/p>\n<p><strong>Kontaktm\u00f6glichkeiten:<\/strong><\/p>\n<p>Beteiligungsforum@ekd.de \/ Betroffenenvertretung@befo.ekd.de<\/p>\n<p>Nancy Janz: Nancy.janz@befo.ekd.de<\/p>\n<p>Detlev Zander: detlev.zander@befo.ekd.de<\/p>\n<p>Dorothee W\u00fcst: oeffentlichkeitsreferat@evkirchepfalz.de<\/p>\n<p>Info-Link zur ForuM-Themenseite<\/p>\n<p>https:\/\/www.ekd.de\/umgang-mit-der-studie-82291.htm<\/p>\n<p><strong>Zur Information:<\/strong><\/p>\n<p>Im Beteiligungsforum Sexualisierte Gewalt werden alle Fragen, die sexualisierte Gewalt in der evangelischen Kirche und Diakonie betreffen, von Betroffenenvertreter*innen und kirchlichen sowie diakonischen Beauftragten bearbeitet. Die Mitglieder des Beteiligungsforums bringen ihre Fragestellungen und Themen in das Forum ein. Ebenso werden Anfragen aus den Gremien der EKD und Diakonie in das Beteiligungsforum getragen. Das Beteiligungsforum erarbeitet dazu konkrete Beschlussvorschl\u00e4ge. F\u00fcr einen Beschlussvorschlag ist sowohl eine Mehrheit in der Betroffenenvertretung als auch unter den kirchlichen und diakonischen Beauftragten notwendig. Die abgestimmten Beschlussvorschl\u00e4ge werden dann in den Rat der EKD, die Kirchenkonferenz oder die Synode eingebracht, wo sie endg\u00fcltig beschlossen werden. So ist gew\u00e4hrleistet, dass jede kirchenpolitische Entscheidung zum Umgang mit sexualisierter Gewalt unter Partizipation Betroffener erfolgt.<\/p>\n<p><strong>Ansprechpersonen f\u00fcr Betroffene sexualisierter Gewalt:<\/strong><\/p>\n<p>Betroffene von sexualisierter Gewalt im Raum der evangelischen Kirche und der Diakonie k\u00f6nnen sich an die \u201eZentrale Anlaufstelle.help\u201c sowie an die landeskirchlichen Ansprechpersonen f\u00fcr Betroffene sexualisierter Gewalt wenden.<\/p>\n<p>www.Anlaufstelle.help<\/p>\n<p>www.ekd.de\/Ansprechpartner-fuer-Missbrauchsopfer-23994.htm\u00a0<\/p>\n<p>Das bundesweite Hilfe-Portal\/Hilfe-Telefon Sexueller Missbrauch ist ein Angebot der Unabh\u00e4ngigen Beauftragten f\u00fcr Fragen des sexuellen Kindesmissbrauchs:<\/p>\n<p>https:\/\/www.hilfe-portal-missbrauch.de\/hilfe-telefon \/ 0800 22 55 530<\/p>\n<\/div>\n","protected":false},"excerpt":{"rendered":"<p>01.07.2025 Pressemitteilung Im Erg\u00e4nzenden Hilfesystem (EHS) als institutioneller Teil des Fonds Sexueller Missbrauch wurde \u2013 entgegen einer Ank\u00fcndigung aus dem<\/p>\n","protected":false},"author":2,"featured_media":8357,"comment_status":"closed","ping_status":"closed","sticky":false,"template":"","format":"standard","meta":{"footnotes":""},"categories":[20],"tags":[],"_links":{"self":[{"href":"https:\/\/krankenhauspfarramt.de\/index.php\/wp-json\/wp\/v2\/posts\/8356"}],"collection":[{"href":"https:\/\/krankenhauspfarramt.de\/index.php\/wp-json\/wp\/v2\/posts"}],"about":[{"href":"https:\/\/krankenhauspfarramt.de\/index.php\/wp-json\/wp\/v2\/types\/post"}],"author":[{"embeddable":true,"href":"https:\/\/krankenhauspfarramt.de\/index.php\/wp-json\/wp\/v2\/users\/2"}],"replies":[{"embeddable":true,"href":"https:\/\/krankenhauspfarramt.de\/index.php\/wp-json\/wp\/v2\/comments?post=8356"}],"version-history":[{"count":1,"href":"https:\/\/krankenhauspfarramt.de\/index.php\/wp-json\/wp\/v2\/posts\/8356\/revisions"}],"predecessor-version":[{"id":8358,"href":"https:\/\/krankenhauspfarramt.de\/index.php\/wp-json\/wp\/v2\/posts\/8356\/revisions\/8358"}],"wp:featuredmedia":[{"embeddable":true,"href":"https:\/\/krankenhauspfarramt.de\/index.php\/wp-json\/wp\/v2\/media\/8357"}],"wp:attachment":[{"href":"https:\/\/krankenhauspfarramt.de\/index.php\/wp-json\/wp\/v2\/media?parent=8356"}],"wp:term":[{"taxonomy":"category","embeddable":true,"href":"https:\/\/krankenhauspfarramt.de\/index.php\/wp-json\/wp\/v2\/categories?post=8356"},{"taxonomy":"post_tag","embeddable":true,"href":"https:\/\/krankenhauspfarramt.de\/index.php\/wp-json\/wp\/v2\/tags?post=8356"}],"curies":[{"name":"wp","href":"https:\/\/api.w.org\/{rel}","templated":true}]}}