{"id":8359,"date":"2025-07-02T08:37:53","date_gmt":"2025-07-02T08:37:53","guid":{"rendered":"https:\/\/krankenhauspfarramt.de\/index.php\/2025\/07\/02\/neuer-ekd-auslandsbischof-frank-kopania-ekd\/"},"modified":"2025-07-02T08:37:54","modified_gmt":"2025-07-02T08:37:54","slug":"neuer-ekd-auslandsbischof-frank-kopania-ekd","status":"publish","type":"post","link":"https:\/\/krankenhauspfarramt.de\/index.php\/2025\/07\/02\/neuer-ekd-auslandsbischof-frank-kopania-ekd\/","title":{"rendered":"Neuer EKD-Auslandsbischof Frank Kopania \u2013 EKD"},"content":{"rendered":"<p> <br \/>\n<\/p>\n<div id=\"\">\n        <!-- RSPEAK_START --><\/p>\n<header class=\"large-10 columns article--header\">\n<div class=\"article--meta article--meta__border clearfix\">\n<p>                                    <time datetime=\"01.07.2025 11:00\" class=\"article--time\">01.07.2025<\/time><\/p>\n<p>                                    <strong class=\"article--type primus--overline\">News<\/strong><\/p>\n<picture class=\"article--source-image image\"><source srcset=\"https:\/\/www.ekd.de\/ekd_de\/ds_img\/assets\/20170329_epd-Quellenlogo_141.png\"><!--<source srcset=\"https:\/\/www.ekd.de\/ekd_de\/ds_img\/assets\/20170329_epd-Quellenlogo_141.png 1x, https:\/\/www.ekd.de\/ekd_de\/ds_img\/assets\/20170329_epd-Quellenlogo_141.png 2x, https:\/\/www.ekd.de\/ekd_de\/ds_img\/assets\/20170329_epd-Quellenlogo_141.png 3x\">--><\/p>\n<p>    <\/source><\/picture>\n<\/p><\/div>\n<\/header>\n<div class=\"large-8 columns large-offset-1 \">\n<p>Frankfurt a.M., Hannover (epd). Der neue Auslandsbischof der Evangelischen Kirche in Deutschland (EKD), Frank Kopania, hat bei der Bewertung innenpolitischer Vorg\u00e4nge in fremden L\u00e4ndern zur Zur\u00fcckhaltung gemahnt. \u201eWir k\u00f6nnen unsere Wahrnehmungen mit unseren \u00f6kumenischen Partnern austauschen und voneinander lernen\u201c, sagte der Pfarrer dem Internetportal \u201eevangelisch.de\u201c: \u201eAber wir treten nicht als vermeintlich &#8218;Besserwissende&#8216; auf, die meinen, anderen die Welt erkl\u00e4ren zu k\u00f6nnen.\u201c Kopania hat zum 1. Juli die Nachfolge von Petra Bosse-Huber angetreten, die Ende Juni in den Ruhestand ging.<\/p>\n<p>Kopania wurde 1966 im nordrhein-westf\u00e4lischen Bad Oeynhausen geboren und wuchs im Raum Gie\u00dfen in Oberhessen auf. Der bisherige Leiter der Auslandsabteilung im EKD-Kirchenamt blickt auf internationale Erfahrung in Kirchengremien zur\u00fcck: Von 2018 bis 2024 war er stellvertretendes Ratsmitglied der Gemeinschaft Evangelischer Kirchen in Europa mit Sitz in Wien. Auf der Generalversammlung der Konferenz Europ\u00e4ischer Kirchen wurde er 2024 als Vizepr\u00e4sident in das dreik\u00f6pfige Pr\u00e4sidium gew\u00e4hlt.<\/p>\n<p>Von 2011 bis 2013 war Kopania Pr\u00e4sident der Deutschen Evangelisch-Lutherischen Konferenz in Nordamerika. Er war zudem Auslandspfarrer der EKD in der deutsch-amerikanischen Gemeinde an der St. Mark\u2019s Lutheran Church in Miami (Florida). Er tr\u00e4gt nach eigenen Angaben die organisatorische Verantwortung f\u00fcr die Beziehungen zu den rund 100 mit der EKD verbundenen deutschsprachigen Gemeinden im Ausland und 60 Partnerkirchen. Der neue Auslandsbischof sieht sich selbst als \u201eeine Mischung aus Manager und Seelsorger\u201c.<\/p>\n<p>Dem Portal evangelisch.de sagte er: \u201eIch hoffe, dass wir insbesondere bei geringer werdenden personellen und finanziellen Ressourcen nicht in ein &#8218;Germany First&#8216; zur\u00fcckfallen, sondern dass wir gerade in diesen tiefgreifenden Ver\u00e4nderungsprozessen den Schatz unserer internationalen Vernetzung entdecken und uns noch st\u00e4rker \u00f6ffnen f\u00fcr weltweite Erfahrungen und Sichtweisen.\u201c<\/p>\n<\/p><\/div>\n<p>        <!-- RSPEAK_STOP --><\/p>\n<footer class=\"article--footer\">\n<\/footer><\/div>\n","protected":false},"excerpt":{"rendered":"<p>01.07.2025 News Frankfurt a.M., Hannover (epd). Der neue Auslandsbischof der Evangelischen Kirche in Deutschland (EKD), Frank Kopania, hat bei der<\/p>\n","protected":false},"author":2,"featured_media":7953,"comment_status":"closed","ping_status":"closed","sticky":false,"template":"","format":"standard","meta":{"footnotes":""},"categories":[20],"tags":[],"_links":{"self":[{"href":"https:\/\/krankenhauspfarramt.de\/index.php\/wp-json\/wp\/v2\/posts\/8359"}],"collection":[{"href":"https:\/\/krankenhauspfarramt.de\/index.php\/wp-json\/wp\/v2\/posts"}],"about":[{"href":"https:\/\/krankenhauspfarramt.de\/index.php\/wp-json\/wp\/v2\/types\/post"}],"author":[{"embeddable":true,"href":"https:\/\/krankenhauspfarramt.de\/index.php\/wp-json\/wp\/v2\/users\/2"}],"replies":[{"embeddable":true,"href":"https:\/\/krankenhauspfarramt.de\/index.php\/wp-json\/wp\/v2\/comments?post=8359"}],"version-history":[{"count":1,"href":"https:\/\/krankenhauspfarramt.de\/index.php\/wp-json\/wp\/v2\/posts\/8359\/revisions"}],"predecessor-version":[{"id":8360,"href":"https:\/\/krankenhauspfarramt.de\/index.php\/wp-json\/wp\/v2\/posts\/8359\/revisions\/8360"}],"wp:featuredmedia":[{"embeddable":true,"href":"https:\/\/krankenhauspfarramt.de\/index.php\/wp-json\/wp\/v2\/media\/7953"}],"wp:attachment":[{"href":"https:\/\/krankenhauspfarramt.de\/index.php\/wp-json\/wp\/v2\/media?parent=8359"}],"wp:term":[{"taxonomy":"category","embeddable":true,"href":"https:\/\/krankenhauspfarramt.de\/index.php\/wp-json\/wp\/v2\/categories?post=8359"},{"taxonomy":"post_tag","embeddable":true,"href":"https:\/\/krankenhauspfarramt.de\/index.php\/wp-json\/wp\/v2\/tags?post=8359"}],"curies":[{"name":"wp","href":"https:\/\/api.w.org\/{rel}","templated":true}]}}