{"id":8361,"date":"2025-07-03T12:57:20","date_gmt":"2025-07-03T12:57:20","guid":{"rendered":"https:\/\/krankenhauspfarramt.de\/index.php\/2025\/07\/03\/nicht-nur-in-verteidigung-investieren-ekd\/"},"modified":"2025-07-03T12:57:21","modified_gmt":"2025-07-03T12:57:21","slug":"nicht-nur-in-verteidigung-investieren-ekd","status":"publish","type":"post","link":"https:\/\/krankenhauspfarramt.de\/index.php\/2025\/07\/03\/nicht-nur-in-verteidigung-investieren-ekd\/","title":{"rendered":"Nicht nur in Verteidigung investieren \u2013 EKD"},"content":{"rendered":"<p> <br \/>\n<\/p>\n<div>\n<p>Zugleich warb Fehrs f\u00fcr ein neues friedensethisches Denken. Die Bedrohung durch Russland f\u00fchre dazu, dass Deutschland und seine europ\u00e4ischen Partner ihre Verteidigungsf\u00e4higkeit in kurzer Zeit deutlich st\u00e4rken m\u00fcssten. \u201eMich schmerzt es, das auszusprechen, denn ich selbst habe in den 80ern im Bonner Hofgarten und auf dem Kirchentag in Hannover mit tiefer \u00dcberzeugung &#8218;Frieden schaffen ohne Waffen&#8216; gerufen &#8211; wie wohl viele hier.\u201c<\/p>\n<p>Die Vorstellung, Abschreckung k\u00f6nne ein Mittel zur Friedenssicherung sein, sei nicht \u00fcberholt, solange sie der Verhinderung von Gewalt diene. Friedensethisch entscheidend sei dabei der Vorrang des Schutzes vor Gewalt &#8211; als Grundbedingung f\u00fcr einen \u201egerechten Frieden\u201c, erkl\u00e4rte die Ratsvorsitzende.<\/p>\n<p>Diese Position sei eine Weiterentwicklung der EKD-Friedensdenkschrift von 2007. Die urspr\u00fcnglich unter Leitung des damaligen EKD-Ratsvorsitzenden Wolfgang Huber entstandene Denkschrift betonte den Vorrang gewaltfreier Konfliktl\u00f6sung, hielt den Einsatz milit\u00e4rischer Mittel aber als \u201eultima ratio\u201c f\u00fcr ethisch vertretbar.<\/p>\n<p>Im November 2022 hatte das Kirchenparlament beschlossen, die Denkschrift angesichts ver\u00e4nderter geopolitischer Rahmenbedingungen zu \u00fcberpr\u00fcfen. Eine eigens eingesetzte Friedenswerkstatt erarbeitet seither eine \u00fcberarbeitete Fassung. Das Ergebnis soll auf der EKD-Synode im November in Dresden vorgestellt werden, wie Fehrs ank\u00fcndigte.<\/p>\n<\/p><\/div>\n","protected":false},"excerpt":{"rendered":"<p>Zugleich warb Fehrs f\u00fcr ein neues friedensethisches Denken. Die Bedrohung durch Russland f\u00fchre dazu, dass Deutschland und seine europ\u00e4ischen Partner<\/p>\n","protected":false},"author":2,"featured_media":8362,"comment_status":"closed","ping_status":"closed","sticky":false,"template":"","format":"standard","meta":{"footnotes":""},"categories":[20],"tags":[],"_links":{"self":[{"href":"https:\/\/krankenhauspfarramt.de\/index.php\/wp-json\/wp\/v2\/posts\/8361"}],"collection":[{"href":"https:\/\/krankenhauspfarramt.de\/index.php\/wp-json\/wp\/v2\/posts"}],"about":[{"href":"https:\/\/krankenhauspfarramt.de\/index.php\/wp-json\/wp\/v2\/types\/post"}],"author":[{"embeddable":true,"href":"https:\/\/krankenhauspfarramt.de\/index.php\/wp-json\/wp\/v2\/users\/2"}],"replies":[{"embeddable":true,"href":"https:\/\/krankenhauspfarramt.de\/index.php\/wp-json\/wp\/v2\/comments?post=8361"}],"version-history":[{"count":1,"href":"https:\/\/krankenhauspfarramt.de\/index.php\/wp-json\/wp\/v2\/posts\/8361\/revisions"}],"predecessor-version":[{"id":8363,"href":"https:\/\/krankenhauspfarramt.de\/index.php\/wp-json\/wp\/v2\/posts\/8361\/revisions\/8363"}],"wp:featuredmedia":[{"embeddable":true,"href":"https:\/\/krankenhauspfarramt.de\/index.php\/wp-json\/wp\/v2\/media\/8362"}],"wp:attachment":[{"href":"https:\/\/krankenhauspfarramt.de\/index.php\/wp-json\/wp\/v2\/media?parent=8361"}],"wp:term":[{"taxonomy":"category","embeddable":true,"href":"https:\/\/krankenhauspfarramt.de\/index.php\/wp-json\/wp\/v2\/categories?post=8361"},{"taxonomy":"post_tag","embeddable":true,"href":"https:\/\/krankenhauspfarramt.de\/index.php\/wp-json\/wp\/v2\/tags?post=8361"}],"curies":[{"name":"wp","href":"https:\/\/api.w.org\/{rel}","templated":true}]}}