{"id":8367,"date":"2025-07-04T09:13:18","date_gmt":"2025-07-04T09:13:18","guid":{"rendered":"https:\/\/krankenhauspfarramt.de\/index.php\/2025\/07\/04\/stellungnahme-zur-erklaerung-des-oekumenischen-rats-der-kirchen-oerk-zur-lage-im-nahen-osten-ekd\/"},"modified":"2025-07-04T09:13:19","modified_gmt":"2025-07-04T09:13:19","slug":"stellungnahme-zur-erklaerung-des-oekumenischen-rats-der-kirchen-oerk-zur-lage-im-nahen-osten-ekd","status":"publish","type":"post","link":"https:\/\/krankenhauspfarramt.de\/index.php\/2025\/07\/04\/stellungnahme-zur-erklaerung-des-oekumenischen-rats-der-kirchen-oerk-zur-lage-im-nahen-osten-ekd\/","title":{"rendered":"Stellungnahme zur Erkl\u00e4rung des \u00d6kumenischen Rats der Kirchen (\u00d6RK) zur Lage im Nahen Osten \u2013 EKD"},"content":{"rendered":"<p> <br \/>\n<\/p>\n<div id=\"\">\n<p>Die Erkl\u00e4rung des \u00d6RK-Zentralausschusses zu Pal\u00e4stina und Israel relativiert in ihrem Titel den Beschluss der Vollversammlung des \u00d6RK vom September 2022, demzufolge Israel nicht als Apartheidstaat bezeichnet werden solle. Diese Relativierung kann die EKD nicht teilen. Die EKD h\u00e4lt an ihrer Positionierung von 2022 fest, dass der Begriff \u201eApartheid\u201c die komplexe Realit\u00e4t in Israel und den pal\u00e4stinensischen Gebieten nicht in geeigneter Weise beschreibt. Der Begriff entstammt dem spezifischen historischen Kontext des s\u00fcdafrikanischen Systems der gesetzlich verankerten rassistischen Trennung und Unterdr\u00fcckung. Eine \u00dcbertragung dieses Begriffs auf die Situation in Israel und den besetzten Gebieten greift aus unserer Sicht zu kurz und tr\u00e4gt nicht zu einer sachgerechten und verantwortlichen Debatte bei.<\/p>\n<p>Unrecht und Leid durch die fortgesetzte Besatzung des Westjordanlandes und den Krieg in Gaza m\u00fcssen benannt werden. Die EKD tritt f\u00fcr die Einhaltung des humanit\u00e4ren V\u00f6lkerrechts ein und fordert eine L\u00f6sung, die Sicherheit und Rechte f\u00fcr alle Menschen in der Region gew\u00e4hrleistet. Kritik an konkreten politischen Entscheidungen und milit\u00e4rischem Handeln Israels ist legitim, sie muss jedoch eingebettet sein in ein Bewusstsein f\u00fcr die Komplexit\u00e4t der Lage und die besonderen historischen und sicherheitspolitischen Herausforderungen des Staates Israel.\u00a0<br \/>Zugleich ist differenziert auf die unterschiedlichen Lebensrealit\u00e4ten pal\u00e4stinensischer Menschen hinzuweisen. Die Hamas repr\u00e4sentiert nicht \u201edie Pal\u00e4stinenser\u201c. Sie tr\u00e4gt mit ihrem brutalen Angriff vom 7. Oktober 2023 eine Hauptverantwortung f\u00fcr die Eskalation des Krieges, unterdr\u00fcckt die eigene Bev\u00f6lkerung im Gazastreifen und behindert systematisch die Versorgung mit humanit\u00e4rer Hilfe.<br \/>\u00a0<\/p>\n<hr\/>\n<p><em>Stellungnahme von EKD und Diakonie: Humanit\u00e4re Katastrophe in Gaza beenden<\/em><\/p>\n<\/div>\n","protected":false},"excerpt":{"rendered":"<p>Die Erkl\u00e4rung des \u00d6RK-Zentralausschusses zu Pal\u00e4stina und Israel relativiert in ihrem Titel den Beschluss der Vollversammlung des \u00d6RK vom September<\/p>\n","protected":false},"author":2,"featured_media":8368,"comment_status":"closed","ping_status":"closed","sticky":false,"template":"","format":"standard","meta":{"footnotes":""},"categories":[20],"tags":[],"_links":{"self":[{"href":"https:\/\/krankenhauspfarramt.de\/index.php\/wp-json\/wp\/v2\/posts\/8367"}],"collection":[{"href":"https:\/\/krankenhauspfarramt.de\/index.php\/wp-json\/wp\/v2\/posts"}],"about":[{"href":"https:\/\/krankenhauspfarramt.de\/index.php\/wp-json\/wp\/v2\/types\/post"}],"author":[{"embeddable":true,"href":"https:\/\/krankenhauspfarramt.de\/index.php\/wp-json\/wp\/v2\/users\/2"}],"replies":[{"embeddable":true,"href":"https:\/\/krankenhauspfarramt.de\/index.php\/wp-json\/wp\/v2\/comments?post=8367"}],"version-history":[{"count":1,"href":"https:\/\/krankenhauspfarramt.de\/index.php\/wp-json\/wp\/v2\/posts\/8367\/revisions"}],"predecessor-version":[{"id":8369,"href":"https:\/\/krankenhauspfarramt.de\/index.php\/wp-json\/wp\/v2\/posts\/8367\/revisions\/8369"}],"wp:featuredmedia":[{"embeddable":true,"href":"https:\/\/krankenhauspfarramt.de\/index.php\/wp-json\/wp\/v2\/media\/8368"}],"wp:attachment":[{"href":"https:\/\/krankenhauspfarramt.de\/index.php\/wp-json\/wp\/v2\/media?parent=8367"}],"wp:term":[{"taxonomy":"category","embeddable":true,"href":"https:\/\/krankenhauspfarramt.de\/index.php\/wp-json\/wp\/v2\/categories?post=8367"},{"taxonomy":"post_tag","embeddable":true,"href":"https:\/\/krankenhauspfarramt.de\/index.php\/wp-json\/wp\/v2\/tags?post=8367"}],"curies":[{"name":"wp","href":"https:\/\/api.w.org\/{rel}","templated":true}]}}