{"id":8375,"date":"2025-07-08T11:28:34","date_gmt":"2025-07-08T11:28:34","guid":{"rendered":"https:\/\/krankenhauspfarramt.de\/index.php\/2025\/07\/08\/ekd-ratsvorsitzende-fehrs-distanziert-sich-von-apartheid-begriff-ekd\/"},"modified":"2025-07-08T11:28:35","modified_gmt":"2025-07-08T11:28:35","slug":"ekd-ratsvorsitzende-fehrs-distanziert-sich-von-apartheid-begriff-ekd","status":"publish","type":"post","link":"https:\/\/krankenhauspfarramt.de\/index.php\/2025\/07\/08\/ekd-ratsvorsitzende-fehrs-distanziert-sich-von-apartheid-begriff-ekd\/","title":{"rendered":"EKD-Ratsvorsitzende Fehrs distanziert sich von Apartheid-Begriff \u2013 EKD"},"content":{"rendered":"<p> <br \/>\n<\/p>\n<div id=\"\">\n        <!-- RSPEAK_START --><\/p>\n<header class=\"large-10 columns article--header\">\n<div class=\"article--meta article--meta__border clearfix\">\n<p>                                    <time datetime=\"07.07.2025 17:00\" class=\"article--time\">07.07.2025<\/time><\/p>\n<p>                                    <strong class=\"article--type primus--overline\">News<\/strong><\/p>\n<picture class=\"article--source-image image\"><source srcset=\"https:\/\/www.ekd.de\/ekd_de\/ds_img\/assets\/20170329_epd-Quellenlogo_141.png\"><!--<source srcset=\"https:\/\/www.ekd.de\/ekd_de\/ds_img\/assets\/20170329_epd-Quellenlogo_141.png 1x, https:\/\/www.ekd.de\/ekd_de\/ds_img\/assets\/20170329_epd-Quellenlogo_141.png 2x, https:\/\/www.ekd.de\/ekd_de\/ds_img\/assets\/20170329_epd-Quellenlogo_141.png 3x\">--><\/p>\n<p>    <\/source><\/picture>\n<\/p><\/div>\n<\/header>\n<div class=\"large-8 columns large-offset-1 \">\n<p>Hannover (epd). Die Evangelische Kirche in Deutschland (EKD) hat sich von dem Apartheid-Vorwurf gegen Israel seitens des \u00d6kumenischen Rats der Kirchen (\u00d6RK) distanziert. \u201eIch bin der festen \u00dcberzeugung: Solche Zuschreibungen sind nicht nur sachlich falsch, sie vertiefen auch Gr\u00e4ben\u201c, erkl\u00e4rte die Ratsvorsitzende der EKD, Kirsten Fehrs, am Montag auf Anfrage des Evangelischen Pressedienst (epd). Die EKD halte an ihrer Positionierung von 2022 fest, dass der Begriff \u201eApartheid\u201c die komplexe Realit\u00e4t in Israel und den pal\u00e4stinensischen Gebieten nicht in geeigneter Weise beschreibt.<\/p>\n<p>Der Zentralausschuss des \u00d6RK hatte bei einer Tagung im s\u00fcdafrikanischen Johannesburg im Juni die Politik Israels gegen\u00fcber den Pal\u00e4stinensern verurteilt. Die Erkl\u00e4rung fordert, die \u201eRealit\u00e4t der Apartheid beim Namen\u201c zu nennen und Sanktionen gegen Israel zu verh\u00e4ngen. Der Vorsitzende des Gremiums, der fr\u00fchere EKD-Ratsvorsitzende Heinrich Bedford-Strohm, verteidigte die Erkl\u00e4rung.<\/p>\n<p>In einem Gastbeitrag in der \u201eWelt am Sonntag\u201c hatte der Pr\u00e4sident der Europ\u00e4ischen Rabbinerkonferenz, Pinchas Goldschmidt, der EKD nahegelegt, den Kirchenbund zu verlassen. \u201eDer Verbleib in diesem Rat ist mit christlicher Ethik nicht vereinbar &#8211; und ein Austritt w\u00e4re ein Zeichen von Klarheit und Haltung\u201c, schrieb er.<\/p>\n<p>Ein Austritt aus dem \u00d6RK wird jedoch nicht erfolgen. Die Hamburger Bisch\u00f6fin Fehrs erkl\u00e4rte, die EKD werde sich weiter engagiert in die weltweite \u00f6kumenische Gemeinschaft einbringen. Gerade in schwierigen Fragen brauche es den kritischen wie konstruktiven Dialog. Sie k\u00fcndigte an, Anfang August bei einem Treffen mit dem Weltkirchenrat in Genf die Position der EKD zum Ausdruck zu bringen.<\/p>\n<\/p><\/div>\n<section class=\"large-12 columns article--section article--aside__bottom\">\n    <!-- Test for teaser --><br \/>\n    <!--Val: 1 --><\/p>\n<p>                    \t    <!-- SRC:  --><\/p>\n<aside class=\"article--aside quintus teaser teaser__related rs_skip rs_preserve\">\n<div class=\"teaser--article teaser--content\">\n<figure class=\"teaser--image\">\n                                                    <picture><source media=\"(max-width:935px)\" srcset=\"https:\/\/www.ekd.de\/ekd_de\/ds_img\/assets_1875_x\/iStock-1150769839-Beten_nahost_1875x1056_rdax_625x352_60s.jpg 1x, https:\/\/www.ekd.de\/ekd_de\/ds_img\/assets_1875_x\/iStock-1150769839-Beten_nahost_1875x1056_rdax_1250x704_60s.jpg 2x, https:\/\/www.ekd.de\/ekd_de\/ds_img\/assets_1875_x\/iStock-1150769839-Beten_nahost_1875x1056_rdax_60s.jpg 3x\"><source media=\"(min-width:934px)\" srcset=\"https:\/\/www.ekd.de\/ekd_de\/ds_img\/assets_1875_x\/iStock-1150769839-Beten_nahost_1875x1056_rdax_360x203_70s.jpg 1x, https:\/\/www.ekd.de\/ekd_de\/ds_img\/assets_1875_x\/iStock-1150769839-Beten_nahost_1875x1056_rdax_720x406_70s.jpg 2x, https:\/\/www.ekd.de\/ekd_de\/ds_img\/assets_1875_x\/iStock-1150769839-Beten_nahost_1875x1056_rdax_1080x608_70s.jpg 3x\"><img decoding=\"async\" src=\"https:\/\/www.ekd.de\/ekd_de\/ds_img\/assets_1875_x\/iStock-1150769839-Beten_nahost_1875x1056_rdax_625x352_60s.jpg\" alt=\"Betende Mensch im Kreis (Symbolbild: Frieden in Nahost)\"\/><br \/>\n                                                    <\/source><\/source><\/picture><figcaption\/>\n                                                <\/figure>\n<p class=\"quintus--text teaser--text\">Die Lage im Nahen Osten bleibt dramatisch: Nach den Terrorangriffen der Hamas auf Israel am 7. Oktober 2023 und der folgenden milit\u00e4rischen Offensive Israels im Gazastreifen hat sich der Konflikt weiter versch\u00e4rft. Die EKD steht in enger Verbundenheit mit dem j\u00fcdischen Volk und ist zugleich Partnerin der pal\u00e4stinensischen Kirchen im Land der Bibel.<\/p>\n<\/p><\/div>\n<\/aside>\n<div class=\"article--content\">\n<p>In einer EKD-Stellungnahme zum dem Beschluss des Weltkirchenrats, die auf der Internetseite ver\u00f6ffentlicht wurde, hei\u00dft es zudem, Unrecht und Leid durch die fortgesetzte Besatzung des Westjordanlandes und den Krieg in Gaza m\u00fcssten benannt werden. Die EKD trete f\u00fcr die Einhaltung des humanit\u00e4ren V\u00f6lkerrechts ein und fordere eine L\u00f6sung, die Sicherheit und Rechte f\u00fcr alle Menschen in der Region gew\u00e4hrleistet.<\/p>\n<\/p><\/div>\n<\/section>\n<p>        <!-- RSPEAK_STOP --><\/p>\n<footer class=\"article--footer\">\n<\/footer><\/div>\n","protected":false},"excerpt":{"rendered":"<p>07.07.2025 News Hannover (epd). Die Evangelische Kirche in Deutschland (EKD) hat sich von dem Apartheid-Vorwurf gegen Israel seitens des \u00d6kumenischen<\/p>\n","protected":false},"author":2,"featured_media":7622,"comment_status":"closed","ping_status":"closed","sticky":false,"template":"","format":"standard","meta":{"footnotes":""},"categories":[20],"tags":[],"_links":{"self":[{"href":"https:\/\/krankenhauspfarramt.de\/index.php\/wp-json\/wp\/v2\/posts\/8375"}],"collection":[{"href":"https:\/\/krankenhauspfarramt.de\/index.php\/wp-json\/wp\/v2\/posts"}],"about":[{"href":"https:\/\/krankenhauspfarramt.de\/index.php\/wp-json\/wp\/v2\/types\/post"}],"author":[{"embeddable":true,"href":"https:\/\/krankenhauspfarramt.de\/index.php\/wp-json\/wp\/v2\/users\/2"}],"replies":[{"embeddable":true,"href":"https:\/\/krankenhauspfarramt.de\/index.php\/wp-json\/wp\/v2\/comments?post=8375"}],"version-history":[{"count":1,"href":"https:\/\/krankenhauspfarramt.de\/index.php\/wp-json\/wp\/v2\/posts\/8375\/revisions"}],"predecessor-version":[{"id":8376,"href":"https:\/\/krankenhauspfarramt.de\/index.php\/wp-json\/wp\/v2\/posts\/8375\/revisions\/8376"}],"wp:featuredmedia":[{"embeddable":true,"href":"https:\/\/krankenhauspfarramt.de\/index.php\/wp-json\/wp\/v2\/media\/7622"}],"wp:attachment":[{"href":"https:\/\/krankenhauspfarramt.de\/index.php\/wp-json\/wp\/v2\/media?parent=8375"}],"wp:term":[{"taxonomy":"category","embeddable":true,"href":"https:\/\/krankenhauspfarramt.de\/index.php\/wp-json\/wp\/v2\/categories?post=8375"},{"taxonomy":"post_tag","embeddable":true,"href":"https:\/\/krankenhauspfarramt.de\/index.php\/wp-json\/wp\/v2\/tags?post=8375"}],"curies":[{"name":"wp","href":"https:\/\/api.w.org\/{rel}","templated":true}]}}