{"id":8377,"date":"2025-07-08T15:29:48","date_gmt":"2025-07-08T15:29:48","guid":{"rendered":"https:\/\/krankenhauspfarramt.de\/index.php\/2025\/07\/08\/kirche-spendet-segen-an-autobahn-raststaette-ekd\/"},"modified":"2025-07-08T15:29:49","modified_gmt":"2025-07-08T15:29:49","slug":"kirche-spendet-segen-an-autobahn-raststaette-ekd","status":"publish","type":"post","link":"https:\/\/krankenhauspfarramt.de\/index.php\/2025\/07\/08\/kirche-spendet-segen-an-autobahn-raststaette-ekd\/","title":{"rendered":"Kirche spendet Segen an Autobahn-Rastst\u00e4tte \u2013 EKD"},"content":{"rendered":"<p> <br \/>\n<\/p>\n<div>\n<p>Einige Reisende h\u00e4tten sich pers\u00f6nlich einen Segen mit Handauflegung zusprechen lassen, berichtete Horn. Nur wenige Reisende h\u00e4tten signalisiert, dass sie gestresst seien oder keine Ansprache w\u00fcnschten. Sinn der Kirchenaktion sei gewesen, Menschen, die sich teils auf eine anstrengende und mit gro\u00dfen Erwartungen verbundene Reise gemacht haben, eine geistliche Verschnaufpause zu bieten und Gottes Segen mitzugeben. Die Reisenden h\u00e4tten zahlreiche Postkarten mit Segensspr\u00fcchen und Duftanh\u00e4nger in Engelsform mitgenommen. Nach den rundweg positiven Reaktionen wolle die Kirche die Aktion wiederholen.<\/p>\n<\/p><\/div>\n","protected":false},"excerpt":{"rendered":"<p>Einige Reisende h\u00e4tten sich pers\u00f6nlich einen Segen mit Handauflegung zusprechen lassen, berichtete Horn. Nur wenige Reisende h\u00e4tten signalisiert, dass sie<\/p>\n","protected":false},"author":2,"featured_media":8378,"comment_status":"closed","ping_status":"closed","sticky":false,"template":"","format":"standard","meta":{"footnotes":""},"categories":[20],"tags":[],"_links":{"self":[{"href":"https:\/\/krankenhauspfarramt.de\/index.php\/wp-json\/wp\/v2\/posts\/8377"}],"collection":[{"href":"https:\/\/krankenhauspfarramt.de\/index.php\/wp-json\/wp\/v2\/posts"}],"about":[{"href":"https:\/\/krankenhauspfarramt.de\/index.php\/wp-json\/wp\/v2\/types\/post"}],"author":[{"embeddable":true,"href":"https:\/\/krankenhauspfarramt.de\/index.php\/wp-json\/wp\/v2\/users\/2"}],"replies":[{"embeddable":true,"href":"https:\/\/krankenhauspfarramt.de\/index.php\/wp-json\/wp\/v2\/comments?post=8377"}],"version-history":[{"count":1,"href":"https:\/\/krankenhauspfarramt.de\/index.php\/wp-json\/wp\/v2\/posts\/8377\/revisions"}],"predecessor-version":[{"id":8379,"href":"https:\/\/krankenhauspfarramt.de\/index.php\/wp-json\/wp\/v2\/posts\/8377\/revisions\/8379"}],"wp:featuredmedia":[{"embeddable":true,"href":"https:\/\/krankenhauspfarramt.de\/index.php\/wp-json\/wp\/v2\/media\/8378"}],"wp:attachment":[{"href":"https:\/\/krankenhauspfarramt.de\/index.php\/wp-json\/wp\/v2\/media?parent=8377"}],"wp:term":[{"taxonomy":"category","embeddable":true,"href":"https:\/\/krankenhauspfarramt.de\/index.php\/wp-json\/wp\/v2\/categories?post=8377"},{"taxonomy":"post_tag","embeddable":true,"href":"https:\/\/krankenhauspfarramt.de\/index.php\/wp-json\/wp\/v2\/tags?post=8377"}],"curies":[{"name":"wp","href":"https:\/\/api.w.org\/{rel}","templated":true}]}}