{"id":8380,"date":"2025-07-09T07:40:04","date_gmt":"2025-07-09T07:40:04","guid":{"rendered":"https:\/\/krankenhauspfarramt.de\/index.php\/2025\/07\/09\/evangelischer-militaerbischof-fordert-mehr-stellen-fuer-seelsorge-ekd\/"},"modified":"2025-07-09T07:40:05","modified_gmt":"2025-07-09T07:40:05","slug":"evangelischer-militaerbischof-fordert-mehr-stellen-fuer-seelsorge-ekd","status":"publish","type":"post","link":"https:\/\/krankenhauspfarramt.de\/index.php\/2025\/07\/09\/evangelischer-militaerbischof-fordert-mehr-stellen-fuer-seelsorge-ekd\/","title":{"rendered":"Evangelischer Milit\u00e4rbischof fordert mehr Stellen f\u00fcr Seelsorge \u2013 EKD"},"content":{"rendered":"<p> <br \/>\n<\/p>\n<div>\n<p>Eine Zusage vom Ministerium hat es Felmberg zufolge schon f\u00fcr die deutsche Brigade in Litauen gegeben. Die evangelische Milit\u00e4rseelsorge werde ab 2026 oder 2027 mit zwei Pfarrstellen dort fest vor Ort sein. \u201eAktuell haben wir ein rollierendes System, in dem Pfarrerinnen und Pfarrer zeitweise dort sind\u201c, sagte er. Wenn die Geistlichen in befristete Eins\u00e4tze gehen, fehlten sie an anderen Orten, auch deshalb sei der Aufwuchs notwendig. Man wolle auch an den Heimatstandorten die seelsorgerliche Betreuung sicherstellen, sagte Felmberg.<\/p>\n<p>Dem Milit\u00e4rbischof zufolge ist die Nachfrage nach Angeboten der Milit\u00e4rseelsorge gro\u00df und die Rate der Kirchenaustritte bei Angeh\u00f6rigen der Bundeswehr sehr gering. \u201eDer \u00f6kumenischen Gottesdienst zum Start der deutschen Brigade in Litauen hat auf ausdr\u00fccklichen Wunsch der Truppe stattgefunden\u201c, sagte Felmberg.<\/p>\n<p>Auch \u00fcber Personalprobleme k\u00f6nne er nicht klagen. \u201eDie Milit\u00e4rseelsorge hat enorm viel Zulauf\u201c, sagte Felmberg. Viele Pfarrerinnen und Pfarrer wollten die Truppe seelsorgerlich begleiten. \u201eDas liegt auch an der klaren Struktur, die die Milit\u00e4rseelsorge bietet. Dort k\u00f6nnen sich die Geistlichen auf pastoralen Dienst konzentrieren\u201c, sagte er.<\/p>\n<\/p><\/div>\n","protected":false},"excerpt":{"rendered":"<p>Eine Zusage vom Ministerium hat es Felmberg zufolge schon f\u00fcr die deutsche Brigade in Litauen gegeben. Die evangelische Milit\u00e4rseelsorge werde<\/p>\n","protected":false},"author":2,"featured_media":8183,"comment_status":"closed","ping_status":"closed","sticky":false,"template":"","format":"standard","meta":{"footnotes":""},"categories":[20],"tags":[],"_links":{"self":[{"href":"https:\/\/krankenhauspfarramt.de\/index.php\/wp-json\/wp\/v2\/posts\/8380"}],"collection":[{"href":"https:\/\/krankenhauspfarramt.de\/index.php\/wp-json\/wp\/v2\/posts"}],"about":[{"href":"https:\/\/krankenhauspfarramt.de\/index.php\/wp-json\/wp\/v2\/types\/post"}],"author":[{"embeddable":true,"href":"https:\/\/krankenhauspfarramt.de\/index.php\/wp-json\/wp\/v2\/users\/2"}],"replies":[{"embeddable":true,"href":"https:\/\/krankenhauspfarramt.de\/index.php\/wp-json\/wp\/v2\/comments?post=8380"}],"version-history":[{"count":1,"href":"https:\/\/krankenhauspfarramt.de\/index.php\/wp-json\/wp\/v2\/posts\/8380\/revisions"}],"predecessor-version":[{"id":8381,"href":"https:\/\/krankenhauspfarramt.de\/index.php\/wp-json\/wp\/v2\/posts\/8380\/revisions\/8381"}],"wp:featuredmedia":[{"embeddable":true,"href":"https:\/\/krankenhauspfarramt.de\/index.php\/wp-json\/wp\/v2\/media\/8183"}],"wp:attachment":[{"href":"https:\/\/krankenhauspfarramt.de\/index.php\/wp-json\/wp\/v2\/media?parent=8380"}],"wp:term":[{"taxonomy":"category","embeddable":true,"href":"https:\/\/krankenhauspfarramt.de\/index.php\/wp-json\/wp\/v2\/categories?post=8380"},{"taxonomy":"post_tag","embeddable":true,"href":"https:\/\/krankenhauspfarramt.de\/index.php\/wp-json\/wp\/v2\/tags?post=8380"}],"curies":[{"name":"wp","href":"https:\/\/api.w.org\/{rel}","templated":true}]}}