{"id":8382,"date":"2025-07-09T11:41:13","date_gmt":"2025-07-09T11:41:13","guid":{"rendered":"https:\/\/krankenhauspfarramt.de\/index.php\/2025\/07\/09\/exegese-fuer-die-kasualpredigt-ekd\/"},"modified":"2025-07-09T11:41:17","modified_gmt":"2025-07-09T11:41:17","slug":"exegese-fuer-die-kasualpredigt-ekd","status":"publish","type":"post","link":"https:\/\/krankenhauspfarramt.de\/index.php\/2025\/07\/09\/exegese-fuer-die-kasualpredigt-ekd\/","title":{"rendered":"Exegese f\u00fcr die KasualPredigt \u2013 EKD"},"content":{"rendered":"<p> <br \/>\n<\/p>\n<div>\n<p style=\"margin-bottom:11px\"><span style=\"line-height:107%\">Kasualien \u2013 also Gottesdienste zu besonderen Lebensanl\u00e4ssen wie Taufe, Trauung oder Trauerfeier \u2013 sind Schl\u00fcsselmomente religi\u00f6ser Kommunikation. Hier begegnen Menschen Kirche oft zum ersten Mal oder nach langer Zeit wieder. Das Projekt <em>Exegese f\u00fcr die KasualPredigt<\/em> will diese Momente st\u00e4rken: durch fundierte, praxisnahe und digital frei zug\u00e4ngliche Predigtimpulse zu klassischen und modernen Kasualien.<\/span><\/p>\n<\/p><\/div>\n<div id=\"\">\n<p>Kasualien \u2013 also Gottesdienste zu besonderen Lebensanl\u00e4ssen wie Taufe, Trauung oder Trauerfeier \u2013 sind Schl\u00fcsselmomente religi\u00f6ser Kommunikation. Hier begegnen Menschen Kirche oft zum ersten Mal oder nach langer Zeit wieder. Das Projekt Exegese f\u00fcr die KasualPredigt will diese Momente st\u00e4rken: durch fundierte, praxisnahe und digital frei zug\u00e4ngliche Predigtimpulse zu klassischen und modernen Kasualien.<\/p>\n<p>In Kooperation mit der Deutschen Bibelgesellschaft entsteht ein digitales Kommentarangebot f\u00fcr die Predigtvorbereitung. Die Artikel werden im Dialog von Exeget:innen und Praktischen Theolog:innen verfasst und verbinden wissenschaftliche Tiefe mit liturgischer Praxisn\u00e4he. Die Plattform kn\u00fcpft an das erfolgreiche Vorl\u00e4uferprojekt Exegese f\u00fcr die Predigt an und schlie\u00dft eine wichtige L\u00fccke in der kirchlichen Verk\u00fcndigung.<\/p>\n<p>Innerhalb des F\u00f6rderzeitraums von zwei Jahren werden 25 kommentierende Beitr\u00e4ge vollst\u00e4ndig ver\u00f6ffentlicht, weitere 45 Artikel vorbereitet. Das Projekt orientiert sich an einem klar strukturierten Zeitplan mit Innovations- und Umsetzungsphase. Die Inhalte stehen Haupt- und Ehrenamtlichen kostenfrei zur Verf\u00fcgung \u2013 digital, qualit\u00e4tsgesichert und dauerhaft nutzbar.<\/p>\n<p>Kasualien sind heilige Schwellen im Leben \u2013 und k\u00f6nnen durch gute Predigt neue Resonanzr\u00e4ume f\u00fcr den Glauben \u00f6ffnen. Exegese f\u00fcr die KasualPredigt will dazu beitragen, dass diese R\u00e4ume theologisch verantwortet, lebensnah und inspirierend gestaltet werden.<\/p>\n<\/div>\n","protected":false},"excerpt":{"rendered":"<p>Kasualien \u2013 also Gottesdienste zu besonderen Lebensanl\u00e4ssen wie Taufe, Trauung oder Trauerfeier \u2013 sind Schl\u00fcsselmomente religi\u00f6ser Kommunikation. Hier begegnen Menschen<\/p>\n","protected":false},"author":2,"featured_media":8383,"comment_status":"closed","ping_status":"closed","sticky":false,"template":"","format":"standard","meta":{"footnotes":""},"categories":[20],"tags":[],"_links":{"self":[{"href":"https:\/\/krankenhauspfarramt.de\/index.php\/wp-json\/wp\/v2\/posts\/8382"}],"collection":[{"href":"https:\/\/krankenhauspfarramt.de\/index.php\/wp-json\/wp\/v2\/posts"}],"about":[{"href":"https:\/\/krankenhauspfarramt.de\/index.php\/wp-json\/wp\/v2\/types\/post"}],"author":[{"embeddable":true,"href":"https:\/\/krankenhauspfarramt.de\/index.php\/wp-json\/wp\/v2\/users\/2"}],"replies":[{"embeddable":true,"href":"https:\/\/krankenhauspfarramt.de\/index.php\/wp-json\/wp\/v2\/comments?post=8382"}],"version-history":[{"count":1,"href":"https:\/\/krankenhauspfarramt.de\/index.php\/wp-json\/wp\/v2\/posts\/8382\/revisions"}],"predecessor-version":[{"id":8384,"href":"https:\/\/krankenhauspfarramt.de\/index.php\/wp-json\/wp\/v2\/posts\/8382\/revisions\/8384"}],"wp:featuredmedia":[{"embeddable":true,"href":"https:\/\/krankenhauspfarramt.de\/index.php\/wp-json\/wp\/v2\/media\/8383"}],"wp:attachment":[{"href":"https:\/\/krankenhauspfarramt.de\/index.php\/wp-json\/wp\/v2\/media?parent=8382"}],"wp:term":[{"taxonomy":"category","embeddable":true,"href":"https:\/\/krankenhauspfarramt.de\/index.php\/wp-json\/wp\/v2\/categories?post=8382"},{"taxonomy":"post_tag","embeddable":true,"href":"https:\/\/krankenhauspfarramt.de\/index.php\/wp-json\/wp\/v2\/tags?post=8382"}],"curies":[{"name":"wp","href":"https:\/\/api.w.org\/{rel}","templated":true}]}}