{"id":8391,"date":"2025-07-09T23:15:58","date_gmt":"2025-07-09T23:15:58","guid":{"rendered":"https:\/\/krankenhauspfarramt.de\/index.php\/2025\/07\/09\/09-07-2025-bewegendes-friedensgebet-der-religionsgemeinschaften-und-faires-miteinander-auf-dem-spielfeld\/"},"modified":"2025-07-09T23:15:58","modified_gmt":"2025-07-09T23:15:58","slug":"09-07-2025-bewegendes-friedensgebet-der-religionsgemeinschaften-und-faires-miteinander-auf-dem-spielfeld","status":"publish","type":"post","link":"https:\/\/krankenhauspfarramt.de\/index.php\/2025\/07\/09\/09-07-2025-bewegendes-friedensgebet-der-religionsgemeinschaften-und-faires-miteinander-auf-dem-spielfeld\/","title":{"rendered":"09.07.2025 \u201eBewegendes Friedensgebet der Religionsgemeinschaften und faires Miteinander auf dem Spielfeld\u201c"},"content":{"rendered":"<p><\/p>\n<div>\n<h2><span>2. Interreligi\u00f6ses Sportfest erfolgreich \u00fcber die B\u00fchne gegangen<\/span><\/h2>\n<p>Stuttgart. Am 6. Juli 2025 feierten rund 150 Menschen mit unterschiedlichem kulturellem und religi\u00f6sem Hintergrund auf dem Gel\u00e4nde des Turnerbunds Bad Cannstatt das 2. Interreligi\u00f6se Sportfest, ausgetragen beim FC Stuttgart-Cannstatt.\u00a0<\/p>\n<p>Er\u00f6ffnet wurde das Sportfest durch ein multireligi\u00f6ses Friedensgebet, an dem Shimon Motsa (Israelitische Religionsgemeinschaft W\u00fcrttembergs), Imam Tuncay Din\u00e7kal, Hirotaka Kobaysahi (Buddhistische Gemeinde Ludwigsburg) sowie Dekan Eckart Schultz-Berg beteiligt waren und das durch den Trimum Chor gerahmt wurde. Philipp Gei\u00dfler, Sportbeauftragter der w\u00fcrttembergischen Landeskirche, res\u00fcmiert: \u201eNeben dem bewegenden Friedensgebet der Religionsgemeinschaften haben mich das faire Miteinander auf und die zahlreichen Begegnungsm\u00f6glichkeiten neben dem Spielfeld angesprochen. Ich bin allen, die an diesem Sportfest beteiligt waren, zutiefst dankbar.\u201c<\/p>\n<p>Ordinariatsr\u00e4tin Karin Schieszl-Rathgeb, Leiterin der Hauptabteilung &#8222;Kirche und Gesellschaft&#8220; im Bisch\u00f6flichen Ordinariat der Di\u00f6zese Rottenburg-Stuttgart, dazu: \u201eDie Krisen unserer Zeit sind auch eine Anfrage an die Religionen: Was tragen wir zum Frieden bei? Das interreligi\u00f6se Sportfest gibt eine konkrete Antwort. Sport \u00fcberwindet, was oft trennt \u2013 und l\u00e4sst sp\u00fcren, was uns eint: Respekt, Fairness und die Freude an der Begegnung. Hier z\u00e4hlt nicht, was uns unterscheidet, sondern was uns miteinander bewegt.\u201c<\/p>\n<p>\u201eF\u00fcr mich ist das ein Hoffnungszeichen.\u00a0Ich finde\u00a0es\u00a0so gut und\u00a0wichtig, dass es dieses Interreligi\u00f6se Sportfest gibt,\u00a0gerade in diesen nicht einfachen Zeiten.\u00a0Auch die Offenheit und Fairness, wie die Teilnehmenden miteinander umgegangen sind, hat mich\u00a0beeindruckt,\u201c so Dr. Sonja Rupp, Fachreferentin f\u00fcr den interreligi\u00f6sen Dialog im Bisch\u00f6flichen Ordinariat der Di\u00f6zese Rottenburg-Stuttgart.<\/p>\n<p>Andreas Felchle, Pr\u00e4sident des W\u00fcrttembergischen Landes-Sportbunds und Vorstand der Arbeitsgemeinschaft Kirche und Sport W\u00fcrttemberg, sagt: \u201eEs ist wunderbar und hoffnungsstiftend, dass sich trotz des brennenden Nahen Ostens, trotz des menschenverachtenden Angriffs Russlands auf die Ukraine, trotz der Ausgrenzung und Unterdr\u00fcckung von Menschen inzwischen leider auch in Amerika Sportlerinnen und Sportler unterschiedlichen Glaubens und vielf\u00e4ltiger Kultur zum Miteinander-Kicken und Frisbee-Spielen zusammenfinden \u2013 Ausdruck nicht zuletzt der gro\u00dfen Kraft religi\u00f6sen Glaubens, seines Bekenntnisses zu Frieden und N\u00e4chstenliebe. Und gemeinsam setzen wir ein Zeichen gegen all diejenigen in Deutschland, welche Religions- und Meinungsfreiheit, Vielfalt und Lebendigkeit einer modernen Demokratie vernichten m\u00f6chten; die in geradezu ekelerregender Weise verneinen, welchen Gewinn unser Land daraus zieht, dass sich Frauen und M\u00e4nner ganz unterschiedlicher Herkunft hier zuhause f\u00fchlen, sich einbringen, in Baden-W\u00fcrttemberg daheim sind.\u201c<\/p>\n<p>\u201eDas interreligi\u00f6se Sportfest war eine wunderbare M\u00f6glichkeit, so viele verschiedene Menschen mit so unterschiedlichen Hintergr\u00fcnden kennenzulernen und Dialog \u00fcber das Sportliche hinaus zu schaffen. Es hat Riesenspa\u00df gemacht und wir freuen uns schon auf das n\u00e4chste Mal\u201c, sagt Shimon Motsa von der Israelitischen Religionsgemeinschaft W\u00fcrttembergs (IRGW).<\/p>\n<p>Tuncay Din\u00e7kal, ausgebildeter nicht praktizierender Imam, sagt: \u201eEs gibt viele Wege f\u00fcr ein friedliches Miteinander, das lokal beginnt und engagierte Menschen braucht. Den interreligi\u00f6sen Dialog in praktischen Formaten erfahrbar zu machen, ist toll! Das Sportfest ist eine Bereicherung!\u201c<\/p>\n<p>\u201eIch bin sehr dankbar f\u00fcr diese Gelegenheit, bei der Menschen aus verschiedenen Religionsgemeinschaften zusammenkommen, um Freundschaft, Vertrauen und Respekt zwischen uns durch Sport und einen Dialog von Herz-zu-Herz zu vertiefen und zusammen f\u00fcr das gemeinsame Ziel der verschiedenen Religionen &#8211; Frieden und Gl\u00fcck der Menschen &#8211; zu arbeiten, und ich m\u00f6chte diese wertvollen Aktivit\u00e4ten f\u00fcr den interreligi\u00f6sen Dialog gerne weiter unterst\u00fctzen\u201c, sagt Hirotaka Kobayashi von der Buddhistischen Gemeinde Ludwigsburg.<\/p>\n<p>Im Anschluss an das Friedengebet sprachen die baden-w\u00fcrttembergische Wissenschaftsministerin Petra Olschowski in Vertretung von Schirmherrin Theresa Schopper (Kulturministerin von Baden-W\u00fcrttemberg), Andreas Felchle (Pr\u00e4sident des W\u00fcrttembergischen Landes-Sportbunds und Vorstand der Arbeitsgemeinschaft Kirche und Sport W\u00fcrttemberg), Stefan Conzelmann (Pr\u00e4sident des Turnerbunds Bad Cannstatt) und Abdullah Simsek (2. Vorstandsvorsitzender des FC Stuttgart Cannstatt). Sie w\u00fcrdigten die Bedeutung der Religionsgemeinschaften und des Sports f\u00fcr das gesellschaftliche Miteinander. Beim anschlie\u00dfenden Turnier traten die beteiligten gemischtgeschlechtlichen Teams in einem Kombiturnier aus Fu\u00dfball und Ultimate Frisbee gegeneinander an.<\/p>\n<p>Manche Partner waren mit eigenen oder gemeinsam aufgestellten Teams vertreten: Darunter die Israelitische Glaubensgemeinschaft W\u00fcrttemberg (IRGW), Das Projekt \u201eZusammen1\u201c von Makkabi Deutschland, die Gesellschaft f\u00fcr Dialog Baden-W\u00fcrttemberg (GfD), die Islamische Glaubensgemeinschaft Baden-W\u00fcrttemberg (IGBW), die Gemeinschaft f\u00fcr Bildung und soziales Engagement (GBSE), das Evangelische Jugendwerk W\u00fcrttemberg (EJW), die Buddhistischen Gemeinde Ludwigsburg, Mitarbeitende von Kubus e.V. sowie der gastgebende FC Stuttgart Cannstatt.<\/p>\n<p>Andere unterst\u00fctzten das Sportfest durch Beitr\u00e4ge zum sportlichen oder religi\u00f6sen bzw. interkulturellen Rahmenprogramm: Darunter die W\u00fcrttembergische Sportjugend (WSJ) mit Ihrem Spielmobil, die Initiative \u201eSchulen gegen Rassismus und Antisemitismus\u201c (SCORA), Projektmitarbeitende von \u201eYad b Yad\u201c und \u201eSukkat Salam\u201c mit Infost\u00e4nden, die Evangelisch Methodistische Kirche mit Pavillons und einer H\u00fcpfburg und \u2013 insbesondere \u2013 der FC Stuttgart Cannstatt mit einer hervorragenden Turnierleitung und ausgezeichneten Bewirtung.<\/p>\n<p>Zum Sportfest eingeladen hatte der Landesarbeitskreis Kirche und Sport W\u00fcrttemberg, bestehend aus Evangelischer Landeskirche W\u00fcrttemberg (ELKW), Di\u00f6zese Rottenburg Stuttgart (DRS) und dem W\u00fcrttembergischen Landessportbund (WLSB), gemeinsam mit einem breiten B\u00fcndnis religi\u00f6ser Gemeinschaften und zivilgesellschaftlicher Organisationen.<\/p>\n<p>Veranstalter des 2. Interreligi\u00f6sen Sportfests waren:<\/p>\n<ul>\n<li><span>Der Landesarbeitskreis Kirche und Sport W\u00fcrttemberg, bestehend aus Mitgliedern der Evangelischen Landeskirche W\u00fcrttemberg (ELKW), der Di\u00f6zese Rottenburg-Stuttgart (DRS) und des W\u00fcrttembergischen Landessportbundes (WLSB)<\/span><\/li>\n<li><span>\u00bbZusammen1\u00ab von Makkabi Deutschland e. V.<\/span><\/li>\n<li><span>Israelitische Glaubensgemeinschaft Baden-W\u00fcrttemberg (IRGW)<\/span><\/li>\n<li><span>Gesellschaft f\u00fcr Dialog Baden-W\u00fcrttemberg (GfD)<\/span><\/li>\n<li><span>Islamische Glaubensgemeinschaft Baden-W\u00fcrttemberg (IGBW)<\/span><\/li>\n<li><span>Buddhistische Gemeinde Ludwigsburg<\/span><\/li>\n<li><span>FC Stuttgart-Cannstatt e. V.<\/span><\/li>\n<li><span>Turnerbund Bad Cannstatt<\/span><\/li>\n<li><span>Evangelisch-Methodistische Kirche<\/span><\/li>\n<\/ul>\n<p>Dan Peter<br \/>Sprecher der Landeskirche<\/p>\n<p><strong>Hinweis:\u00a0<\/strong>Diese Medieninformation wird von den Pressestellen der Evangelischen Landeskirche in W\u00fcrttemberg und der Di\u00f6zese Rottenburg-Stuttgart versendet. \u00a0<\/p>\n<\/p><\/div>\n","protected":false},"excerpt":{"rendered":"<p>2. Interreligi\u00f6ses Sportfest erfolgreich \u00fcber die B\u00fchne gegangen Stuttgart. Am 6. Juli 2025 feierten rund 150 Menschen mit unterschiedlichem kulturellem<\/p>\n","protected":false},"author":1,"featured_media":0,"comment_status":"closed","ping_status":"closed","sticky":false,"template":"","format":"standard","meta":{"footnotes":""},"categories":[21],"tags":[],"_links":{"self":[{"href":"https:\/\/krankenhauspfarramt.de\/index.php\/wp-json\/wp\/v2\/posts\/8391"}],"collection":[{"href":"https:\/\/krankenhauspfarramt.de\/index.php\/wp-json\/wp\/v2\/posts"}],"about":[{"href":"https:\/\/krankenhauspfarramt.de\/index.php\/wp-json\/wp\/v2\/types\/post"}],"author":[{"embeddable":true,"href":"https:\/\/krankenhauspfarramt.de\/index.php\/wp-json\/wp\/v2\/users\/1"}],"replies":[{"embeddable":true,"href":"https:\/\/krankenhauspfarramt.de\/index.php\/wp-json\/wp\/v2\/comments?post=8391"}],"version-history":[{"count":0,"href":"https:\/\/krankenhauspfarramt.de\/index.php\/wp-json\/wp\/v2\/posts\/8391\/revisions"}],"wp:attachment":[{"href":"https:\/\/krankenhauspfarramt.de\/index.php\/wp-json\/wp\/v2\/media?parent=8391"}],"wp:term":[{"taxonomy":"category","embeddable":true,"href":"https:\/\/krankenhauspfarramt.de\/index.php\/wp-json\/wp\/v2\/categories?post=8391"},{"taxonomy":"post_tag","embeddable":true,"href":"https:\/\/krankenhauspfarramt.de\/index.php\/wp-json\/wp\/v2\/tags?post=8391"}],"curies":[{"name":"wp","href":"https:\/\/api.w.org\/{rel}","templated":true}]}}