{"id":8392,"date":"2025-07-14T13:50:15","date_gmt":"2025-07-14T13:50:15","guid":{"rendered":"https:\/\/krankenhauspfarramt.de\/index.php\/2025\/07\/14\/kirsten-verbeek-wird-neue-kommunikationschefin-der-evangelischen-kirche-in-deutschland-ekd\/"},"modified":"2025-07-14T13:50:16","modified_gmt":"2025-07-14T13:50:16","slug":"kirsten-verbeek-wird-neue-kommunikationschefin-der-evangelischen-kirche-in-deutschland-ekd","status":"publish","type":"post","link":"https:\/\/krankenhauspfarramt.de\/index.php\/2025\/07\/14\/kirsten-verbeek-wird-neue-kommunikationschefin-der-evangelischen-kirche-in-deutschland-ekd\/","title":{"rendered":"Kirsten Verbeek wird neue Kommunikationschefin der Evangelischen Kirche in Deutschland \u2013 EKD"},"content":{"rendered":"<p> <br \/>\n<\/p>\n<div id=\"\">\n<div class=\"article--meta article--meta__border clearfix\">\n<p>                                    <time datetime=\"14.07.2025 13:00\" class=\"article--time\">14.07.2025<\/time><\/p>\n<p>                                     <strong class=\"article--type primus--overline\">Pressemitteilung<\/strong><\/p>\n<picture class=\"article--source-image image\"><source srcset=\"https:\/\/www.ekd.de\/ekd_de\/ds_img\/assets\/20170622_ekd-Quellenlogo_141_rdax_423x118.png\"><!--<source srcset=\"\/ekd_de\/ds_img\/assets\/20170622_ekd-Quellenlogo_141_rdax_141x39.png 1x, \/ekd_de\/ds_img\/assets\/20170622_ekd-Quellenlogo_141_rdax_282x78.png 2x, https:\/\/www.ekd.de\/ekd_de\/ds_img\/assets\/20170622_ekd-Quellenlogo_141_rdax_423x118.png 3x\">--><\/p>\n<p>    <\/source><\/picture>\n<\/p><\/div><\/div>\n<div id=\"\">\n<p>Die Evangelische Kirche in Deutschland (EKD) hat mit Kirsten Verbeek eine neue Leiterin der Stabsstelle Kommunikation der EKD. Sie wird diese Aufgabe zum 15.\u00a0September 2025 im EKD-Kirchenamt in Hannover \u00fcbernehmen. Verbeek kommt von der Deutschen Bahn. Dort hat sie viele Jahre die Bundesl\u00e4nderkommunikation verantwortet. Zuletzt oblag ihr die Kommunikation f\u00fcr die DB InfraGO \u2013 die Infrastruktursparte im DB-Konzern.<\/p>\n<p>\u201eDie Freude ist gro\u00df, dass wir Kirsten Verbeek f\u00fcr die EKD-Kommunikation gewinnen konnten\u201c, so Hans Ulrich Anke, Pr\u00e4sident des EKD-Kirchenamtes: \u201eKirsten Verbeek beherrscht das kommunikative Handwerk f\u00fcr Unternehmen und Verb\u00e4nde umfassend &#8211; von strategischer Kommunikation \u00fcber tagesaktuelle Medienarbeit bis zur Kampagnenkommunikation \u00fcber die verschiedensten Kan\u00e4le und Formate hinweg. Mit ihr werden wir im Kirchenamt unser mitgliederorientiertes Wirken konsequent weitergehen.\u201c<\/p>\n<p>EKD-Ratsvorsitzende Kirsten Fehrs: \u201eKirsten Verbeek ist eine erfahrene F\u00fchrungskraft und eine ausgewiesene Kommunikationsexpertin. Diese Einsch\u00e4tzung teilt der gesamte Rat der EKD, weshalb wir uns nach einem umfassenden Auswahlprozess f\u00fcr Kirsten Verbeek entschieden haben. Dazu gratuliere ich sehr herzlich und freue mich auf die Zusammenarbeit. Wir stehen als Kirche vor gro\u00dfen Herausforderungen und einer umfassenden Transformation. Wir brauchen die Expertise, die Erfahrung und das besondere Engagement in strategisch ausgerichteter Kommunikation. Gerade die synergetische Zusammenarbeit aller Akteure gilt es konsequent zu st\u00e4rken.\u201c<\/p>\n<p>Kirsten Verbeek erg\u00e4nzt: \u201eIch bedanke mich sehr f\u00fcr das positive Votum, das f\u00fcr mich ein klares Zeichen der Wertsch\u00e4tzung und des Ansporns ist. Es gibt pers\u00f6nliche Entscheidungen, die einfach Sinn ergeben \u2013 im wahrsten Sinne des Wortes. Ich freue mich sehr, zusammen mit den EKD-Gremien und Einrichtungen, den Landeskirchen und den vielen engagierten Kolleg*innen unserer Kirche eine starke Stimme zu geben. Das ist in Zeiten wie diesen so wichtig wie selten zuvor.\u201c<\/p>\n<p>Kirsten Verbeek hat Germanistik und Biologie in D\u00fcsseldorf studiert. Vor ihrem Einstieg bei der Deutschen Bahn war sie unter anderem in leitenden Funktionen bei Kommunikationsagenturen sowie bei der Fraunhofer Gesellschaft t\u00e4tig.<\/p>\n<p>Hannover, 14. Juli 2025<\/p>\n<p>Pressestelle der EKD<br \/>Carsten Splitt<\/p>\n<\/div>\n","protected":false},"excerpt":{"rendered":"<p>14.07.2025 Pressemitteilung Die Evangelische Kirche in Deutschland (EKD) hat mit Kirsten Verbeek eine neue Leiterin der Stabsstelle Kommunikation der EKD.<\/p>\n","protected":false},"author":2,"featured_media":8393,"comment_status":"closed","ping_status":"closed","sticky":false,"template":"","format":"standard","meta":{"footnotes":""},"categories":[20],"tags":[],"_links":{"self":[{"href":"https:\/\/krankenhauspfarramt.de\/index.php\/wp-json\/wp\/v2\/posts\/8392"}],"collection":[{"href":"https:\/\/krankenhauspfarramt.de\/index.php\/wp-json\/wp\/v2\/posts"}],"about":[{"href":"https:\/\/krankenhauspfarramt.de\/index.php\/wp-json\/wp\/v2\/types\/post"}],"author":[{"embeddable":true,"href":"https:\/\/krankenhauspfarramt.de\/index.php\/wp-json\/wp\/v2\/users\/2"}],"replies":[{"embeddable":true,"href":"https:\/\/krankenhauspfarramt.de\/index.php\/wp-json\/wp\/v2\/comments?post=8392"}],"version-history":[{"count":1,"href":"https:\/\/krankenhauspfarramt.de\/index.php\/wp-json\/wp\/v2\/posts\/8392\/revisions"}],"predecessor-version":[{"id":8394,"href":"https:\/\/krankenhauspfarramt.de\/index.php\/wp-json\/wp\/v2\/posts\/8392\/revisions\/8394"}],"wp:featuredmedia":[{"embeddable":true,"href":"https:\/\/krankenhauspfarramt.de\/index.php\/wp-json\/wp\/v2\/media\/8393"}],"wp:attachment":[{"href":"https:\/\/krankenhauspfarramt.de\/index.php\/wp-json\/wp\/v2\/media?parent=8392"}],"wp:term":[{"taxonomy":"category","embeddable":true,"href":"https:\/\/krankenhauspfarramt.de\/index.php\/wp-json\/wp\/v2\/categories?post=8392"},{"taxonomy":"post_tag","embeddable":true,"href":"https:\/\/krankenhauspfarramt.de\/index.php\/wp-json\/wp\/v2\/tags?post=8392"}],"curies":[{"name":"wp","href":"https:\/\/api.w.org\/{rel}","templated":true}]}}