{"id":8395,"date":"2025-07-14T16:03:28","date_gmt":"2025-07-14T16:03:28","guid":{"rendered":"https:\/\/krankenhauspfarramt.de\/index.php\/2025\/07\/14\/oekumenische-stellungnahme-zum-umsetzungsgesetz-des-gemeinsamen-europaeischen-asylsystems-geas-ekd\/"},"modified":"2025-07-14T16:03:29","modified_gmt":"2025-07-14T16:03:29","slug":"oekumenische-stellungnahme-zum-umsetzungsgesetz-des-gemeinsamen-europaeischen-asylsystems-geas-ekd","status":"publish","type":"post","link":"https:\/\/krankenhauspfarramt.de\/index.php\/2025\/07\/14\/oekumenische-stellungnahme-zum-umsetzungsgesetz-des-gemeinsamen-europaeischen-asylsystems-geas-ekd\/","title":{"rendered":"\u00d6kumenische Stellungnahme zum Umsetzungsgesetz des Gemeinsamen Europ\u00e4ischen Asylsystems (GEAS) \u2013 EKD"},"content":{"rendered":"<p> <br \/>\n<\/p>\n<div id=\"\">\n        <!-- RSPEAK_START --><\/p>\n<header class=\"large-10 columns article--header\">\n<div class=\"article--meta article--meta__border clearfix\">\n<p>                                    <time datetime=\"08.07.2025 10:00\" class=\"article--time\">08.07.2025<\/time><\/p>\n<p>                                    <strong class=\"article--type primus--overline\">Artikel<\/strong><\/p>\n<picture class=\"article--source-image image\"><source srcset=\"https:\/\/www.ekd.de\/ekd_de\/ds_img\/assets\/20170622_ekd-Quellenlogo_141_rdax_423x118.png\"><!--<source srcset=\"\/ekd_de\/ds_img\/assets\/20170622_ekd-Quellenlogo_141_rdax_141x39.png 1x, \/ekd_de\/ds_img\/assets\/20170622_ekd-Quellenlogo_141_rdax_282x78.png 2x, https:\/\/www.ekd.de\/ekd_de\/ds_img\/assets\/20170622_ekd-Quellenlogo_141_rdax_423x118.png 3x\">--><\/p>\n<p>    <\/source><\/picture>\n<\/p><\/div>\n<h2 class=\"article--sub-headline primus--sub-headline\">Kommissariat der deutschen Bisch\u00f6fe \u2013 Katholisches B\u00fcro in Berlin \u2013 und die Bevollm\u00e4chtigte des Rates der EKD bei der Bundesrepublik Deutschland und der Europ\u00e4ischen Union<\/h2>\n<\/header>\n<div class=\"large-8 columns large-offset-1 \">\n<p>Die beiden Kirchen kritisieren in ihrer Stellungnahme den Vorschlag eines GEAS-Umsetzungsgesetzes. Im Kern geht es in der gr\u00f6\u00dften Reform des Asyl- und Aufenthaltsrechts seit Jahrzehnten unter anderem um die Einf\u00fchrung von R\u00fcckkehrgrenzverfahren und beschleunigter Asylverfahren an den Au\u00dfengrenzen, um die Ausweitung von Haftm\u00f6glichkeiten sowie die Vereinheitlichung von Zust\u00e4ndigkeiten und der Datenerfassung innerhalb der EU. Insbesondere lehnen die Kirchen die geplante regelm\u00e4\u00dfige Unterbringung von Menschen in geschlossenen Zentren, und eine m\u00f6gliche Ausweitung von Haftma\u00dfnahmen entschieden ab. Solche Ma\u00dfnahmen schr\u00e4nken pauschal Freiheitsrechte unverh\u00e4ltnism\u00e4\u00dfig ein. Die Kirchen betonen, dass die geplanten Einrichtungen de facto einen Freiheitsentzug f\u00fcr Schutzsuchenden darstellen k\u00f6nnen; sie fordern Zugang f\u00fcr Seelsorge und Sozialarbeit.<\/p>\n<\/p><\/div>\n<section class=\"large-8 large-offset-1 columns article-section\">\n<div class=\"article--downloads download\">\n<figure class=\"image image__float\" style=\"z-index: 4; position: relative;\">\n            <picture><source srcset=\"https:\/\/www.ekd.de\/ekd_de\/ds_img\/assets_789_x\/Stellungnahme_der_beiden_grossen_Kirchen_zur_GEAS-Umsetzung_EKD_250714_rdax_263x353_60s.jpg 1x, https:\/\/www.ekd.de\/ekd_de\/ds_img\/assets_789_x\/Stellungnahme_der_beiden_grossen_Kirchen_zur_GEAS-Umsetzung_EKD_250714_rdax_526x706_60s.jpg 2x, https:\/\/www.ekd.de\/ekd_de\/ds_img\/assets_789_x\/Stellungnahme_der_beiden_grossen_Kirchen_zur_GEAS-Umsetzung_EKD_250714_rdax_60s.jpg 3x\"><img decoding=\"async\" src=\"https:\/\/www.ekd.de\/ekd_de\/ds_img\/assets_789_x\/Stellungnahme_der_beiden_grossen_Kirchen_zur_GEAS-Umsetzung_EKD_250714_rdax_263x353_60s.jpg\" alt=\"Erste Seite der Stellungnahme\" title=\"Erste Seite der Stellungnahme\"\/><br \/>\n            <\/source><\/picture>\n<\/figure>\n<p><h3 class=\"primus--sub-headline\">Download gesamte Stellungnahme<\/h3>\n<\/p><\/div>\n<\/section>\n<p>        <!-- RSPEAK_STOP --><\/p>\n<footer class=\"article--footer\">\n<\/footer><\/div>\n","protected":false},"excerpt":{"rendered":"<p>08.07.2025 Artikel Kommissariat der deutschen Bisch\u00f6fe \u2013 Katholisches B\u00fcro in Berlin \u2013 und die Bevollm\u00e4chtigte des Rates der EKD bei<\/p>\n","protected":false},"author":2,"featured_media":8396,"comment_status":"closed","ping_status":"closed","sticky":false,"template":"","format":"standard","meta":{"footnotes":""},"categories":[20],"tags":[],"_links":{"self":[{"href":"https:\/\/krankenhauspfarramt.de\/index.php\/wp-json\/wp\/v2\/posts\/8395"}],"collection":[{"href":"https:\/\/krankenhauspfarramt.de\/index.php\/wp-json\/wp\/v2\/posts"}],"about":[{"href":"https:\/\/krankenhauspfarramt.de\/index.php\/wp-json\/wp\/v2\/types\/post"}],"author":[{"embeddable":true,"href":"https:\/\/krankenhauspfarramt.de\/index.php\/wp-json\/wp\/v2\/users\/2"}],"replies":[{"embeddable":true,"href":"https:\/\/krankenhauspfarramt.de\/index.php\/wp-json\/wp\/v2\/comments?post=8395"}],"version-history":[{"count":1,"href":"https:\/\/krankenhauspfarramt.de\/index.php\/wp-json\/wp\/v2\/posts\/8395\/revisions"}],"predecessor-version":[{"id":8397,"href":"https:\/\/krankenhauspfarramt.de\/index.php\/wp-json\/wp\/v2\/posts\/8395\/revisions\/8397"}],"wp:featuredmedia":[{"embeddable":true,"href":"https:\/\/krankenhauspfarramt.de\/index.php\/wp-json\/wp\/v2\/media\/8396"}],"wp:attachment":[{"href":"https:\/\/krankenhauspfarramt.de\/index.php\/wp-json\/wp\/v2\/media?parent=8395"}],"wp:term":[{"taxonomy":"category","embeddable":true,"href":"https:\/\/krankenhauspfarramt.de\/index.php\/wp-json\/wp\/v2\/categories?post=8395"},{"taxonomy":"post_tag","embeddable":true,"href":"https:\/\/krankenhauspfarramt.de\/index.php\/wp-json\/wp\/v2\/tags?post=8395"}],"curies":[{"name":"wp","href":"https:\/\/api.w.org\/{rel}","templated":true}]}}