{"id":8398,"date":"2025-07-15T09:01:14","date_gmt":"2025-07-15T09:01:14","guid":{"rendered":"https:\/\/krankenhauspfarramt.de\/index.php\/2025\/07\/15\/tiere-stehen-im-fokus-des-oekumenischen-tags-der-schoepfung-2025-ekd\/"},"modified":"2025-07-15T09:01:15","modified_gmt":"2025-07-15T09:01:15","slug":"tiere-stehen-im-fokus-des-oekumenischen-tags-der-schoepfung-2025-ekd","status":"publish","type":"post","link":"https:\/\/krankenhauspfarramt.de\/index.php\/2025\/07\/15\/tiere-stehen-im-fokus-des-oekumenischen-tags-der-schoepfung-2025-ekd\/","title":{"rendered":"Tiere stehen im Fokus des \u00d6kumenischen Tags der Sch\u00f6pfung 2025 \u2013 EKD"},"content":{"rendered":"<p> <br \/>\n<\/p>\n<div>\n<p>\u201eIch w\u00fcnsche mir, dass durch die Wahl des diesj\u00e4hrigen Mottos unser Blick gegen\u00fcber den Tieren im Kleinen und im Gro\u00dfen aufmerksamer wird, dass wir lernen, dankbar zu sein f\u00fcr die verschiedenen Tierarten auf der Erde, dass wir darin einen Fingerzeig des Sch\u00f6pfergottes in all seiner Vielfalt und F\u00fclle erkennen k\u00f6nnen\u201c, schreibt der ACK-Vorsitzende, Christopher Easthill, im Begleitheft zur Aktion. Er w\u00fcnsche sich, dass das Motto dazu anrege, Tieren mit Respekt zu begegnen und sie zu sch\u00fctzen.<\/p>\n<p>Die Arbeitsgemeinschaft Christlicher Kirchen in Deutschland (ACK) wurde 1948 gegr\u00fcndet. Inzwischen geh\u00f6ren ihr 19 Kirchen unterschiedlicher Traditionen an, weitere sechs Kirchen sind Gastmitglieder und f\u00fcnf \u00f6kumenische Organisationen haben Beobachterstatus. Die ACK gestaltet dazu unter anderem den j\u00e4hrlichen zentralen Gottesdienst zur Gebetswoche f\u00fcr die Einheit der Christen und richtet den \u00d6kumenischen Tag der Sch\u00f6pfung aus.<\/p>\n<\/p><\/div>\n","protected":false},"excerpt":{"rendered":"<p>\u201eIch w\u00fcnsche mir, dass durch die Wahl des diesj\u00e4hrigen Mottos unser Blick gegen\u00fcber den Tieren im Kleinen und im Gro\u00dfen<\/p>\n","protected":false},"author":2,"featured_media":8399,"comment_status":"closed","ping_status":"closed","sticky":false,"template":"","format":"standard","meta":{"footnotes":""},"categories":[20],"tags":[],"_links":{"self":[{"href":"https:\/\/krankenhauspfarramt.de\/index.php\/wp-json\/wp\/v2\/posts\/8398"}],"collection":[{"href":"https:\/\/krankenhauspfarramt.de\/index.php\/wp-json\/wp\/v2\/posts"}],"about":[{"href":"https:\/\/krankenhauspfarramt.de\/index.php\/wp-json\/wp\/v2\/types\/post"}],"author":[{"embeddable":true,"href":"https:\/\/krankenhauspfarramt.de\/index.php\/wp-json\/wp\/v2\/users\/2"}],"replies":[{"embeddable":true,"href":"https:\/\/krankenhauspfarramt.de\/index.php\/wp-json\/wp\/v2\/comments?post=8398"}],"version-history":[{"count":1,"href":"https:\/\/krankenhauspfarramt.de\/index.php\/wp-json\/wp\/v2\/posts\/8398\/revisions"}],"predecessor-version":[{"id":8400,"href":"https:\/\/krankenhauspfarramt.de\/index.php\/wp-json\/wp\/v2\/posts\/8398\/revisions\/8400"}],"wp:featuredmedia":[{"embeddable":true,"href":"https:\/\/krankenhauspfarramt.de\/index.php\/wp-json\/wp\/v2\/media\/8399"}],"wp:attachment":[{"href":"https:\/\/krankenhauspfarramt.de\/index.php\/wp-json\/wp\/v2\/media?parent=8398"}],"wp:term":[{"taxonomy":"category","embeddable":true,"href":"https:\/\/krankenhauspfarramt.de\/index.php\/wp-json\/wp\/v2\/categories?post=8398"},{"taxonomy":"post_tag","embeddable":true,"href":"https:\/\/krankenhauspfarramt.de\/index.php\/wp-json\/wp\/v2\/tags?post=8398"}],"curies":[{"name":"wp","href":"https:\/\/api.w.org\/{rel}","templated":true}]}}