{"id":8401,"date":"2025-07-15T13:02:08","date_gmt":"2025-07-15T13:02:08","guid":{"rendered":"https:\/\/krankenhauspfarramt.de\/index.php\/2025\/07\/15\/was-kirche-vom-frauenfussball-lernen-kann-ekd\/"},"modified":"2025-07-15T13:02:09","modified_gmt":"2025-07-15T13:02:09","slug":"was-kirche-vom-frauenfussball-lernen-kann-ekd","status":"publish","type":"post","link":"https:\/\/krankenhauspfarramt.de\/index.php\/2025\/07\/15\/was-kirche-vom-frauenfussball-lernen-kann-ekd\/","title":{"rendered":"Was Kirche vom Frauenfu\u00dfball lernen kann \u2013 EKD"},"content":{"rendered":"<p> <br \/>\n<\/p>\n<div>\n<p><strong>Frauen m\u00fcssen aber dennoch weiter gef\u00f6rdert werden, auch in der Kirche?<\/strong><\/p>\n<p><strong>Mages:<\/strong> Absolut. Im letzten Jahr gab es hier in der bayerischen Landeskirche eine Kampagne, mehr Frauen in Leitungspositionen, zu Dekaninnen und Regionalbisch\u00f6finnen zu w\u00e4hlen. Da haben wir als Frauen gut zusammengehalten und waren auch in den Medien pr\u00e4sent. Wir m\u00fcssen explizit darauf achten, dass Frauen nicht nur in der Kinder-, Jugend- und Familienarbeit landen, Pfarrerinnen auch f\u00fcr Leitungspositionen kandidieren.\u00a0\u00a0\u00a0\u00a0\u00a0 \u00a0<\/p>\n<p><strong>Zur\u00fcck zur EM. Gibt es konkrete kirchliche Aktivit\u00e4ten \u2013 Gottesdienste, Public Viewings oder andere \u2013 die das Ereignis begleiten?<\/strong><\/p>\n<p><strong>Mages:<\/strong> Ich muss zugeben, dass ich das nicht wei\u00df. Ich hoffe und glaube auch, dass einzelne Kirchengemeinden etwas machen, aber ich kriege davon wenig mit. Es ist jedenfalls anders als bei der M\u00e4nner-EM vor einem Jahr. Da gab es einen gro\u00dfen \u00f6kumenischen Gottesdienst hier in M\u00fcnchen, zum Er\u00f6ffnungsspiel. Das wurde recht gro\u00df aufgezogen \u2013 aber die Meisterschaft war nat\u00fcrlich auch im eigenen Land. Jetzt, bei der EM in der Schweiz, gibt es in Deutschland keinen Gottesdienst.<\/p>\n<p><strong>Welche Rolle sollten Kirchen generell bei sportlichen Gro\u00dfveranstaltungen spielen?<\/strong><\/p>\n<p><strong>Mages:<\/strong> Das ist unterschiedlich w\u00fcrde ich sagen. Bei Olympia gibt es einen eigenen Seelsorger, Thomas Weber, der die Athlet:innen begleitet und im Hintergrund unterst\u00fctzt. Es kann aber auch schwierig sein, durchzudringen. Zu den European Championships vor drei Jahren hier in M\u00fcnchen haben wir einen Gottesdienst angeboten. Da kamen vor allem die, die sonst auch Gottesdienste besuchen. Das hatten wir uns ganz anders vorgestellt.<\/p>\n<p>Dass wir bei kleineren Events, auf st\u00e4dtischer oder regionaler Ebene Pr\u00e4senz zeigen, ist allerdings wichtig und gut. Beim B2-Run in N\u00fcrnberg letztes Jahr sind wir von der Evangelischen Kirche mit knapp 100 Leuten an den Start gegangen. Das m\u00f6chte ich 2026 in M\u00fcnchen gerne auch hinkriegen. Beim Munich Sportfestival, das gerade war, wollten wir mit einem Pop-Up-Stand dabei sein. Da wurden wir leider abgelehnt, weil wir vom Profil wohl nicht passten. Sehr schade. Denn dort war viel los. Da waren Jugendliche, Kinder, Familien, Erwachsene \u2026<\/p>\n<p><strong>Eine verpasste Gelegenheit \u2026<\/strong><\/p>\n<p><strong>Mages:<\/strong> Ja, leider. Es ist wichtig, dass wir uns nicht hinterm Kirchturm verstecken, sondern mittendrin sind bei solchen Veranstaltungen, auf die Menschen zugehen. \u00a0<\/p>\n<p><strong>Was w\u00fcnschen Sie sich zusammengefasst von der Frauen-EM?<\/strong><\/p>\n<p><strong>Mages:<\/strong> Es w\u00e4re nat\u00fcrlich toll, wenn die deutschen Frauen ins Finale k\u00e4men. Den M\u00e4nnern mal zeigen, wie weit es gehen kann. Das g\u00e4be dann auch noch einmal deutlich mehr Aufmerksamkeit. So dass die Spielerinnen vielleicht auch mal mehr verdienen. Eine Bundesliga- oder Nationalspielerin bekommt rund 40.000 Euro im Jahr \u2013 verglichen mit den Betr\u00e4gen bei den M\u00e4nnern ist das ein Witz. Das n\u00e4chste Frauensport-Ereignis m\u00f6chte ich auf jeden Fall mehr zum Thema machen \u2013 in meiner Gemeinde und auch dar\u00fcber hinaus.<\/p>\n<p><em>Interview: J\u00f6rg Echtler \u00a0<\/em><\/p>\n<\/p><\/div>\n","protected":false},"excerpt":{"rendered":"<p>Frauen m\u00fcssen aber dennoch weiter gef\u00f6rdert werden, auch in der Kirche? Mages: Absolut. Im letzten Jahr gab es hier in<\/p>\n","protected":false},"author":2,"featured_media":8402,"comment_status":"closed","ping_status":"closed","sticky":false,"template":"","format":"standard","meta":{"footnotes":""},"categories":[20],"tags":[],"_links":{"self":[{"href":"https:\/\/krankenhauspfarramt.de\/index.php\/wp-json\/wp\/v2\/posts\/8401"}],"collection":[{"href":"https:\/\/krankenhauspfarramt.de\/index.php\/wp-json\/wp\/v2\/posts"}],"about":[{"href":"https:\/\/krankenhauspfarramt.de\/index.php\/wp-json\/wp\/v2\/types\/post"}],"author":[{"embeddable":true,"href":"https:\/\/krankenhauspfarramt.de\/index.php\/wp-json\/wp\/v2\/users\/2"}],"replies":[{"embeddable":true,"href":"https:\/\/krankenhauspfarramt.de\/index.php\/wp-json\/wp\/v2\/comments?post=8401"}],"version-history":[{"count":1,"href":"https:\/\/krankenhauspfarramt.de\/index.php\/wp-json\/wp\/v2\/posts\/8401\/revisions"}],"predecessor-version":[{"id":8403,"href":"https:\/\/krankenhauspfarramt.de\/index.php\/wp-json\/wp\/v2\/posts\/8401\/revisions\/8403"}],"wp:featuredmedia":[{"embeddable":true,"href":"https:\/\/krankenhauspfarramt.de\/index.php\/wp-json\/wp\/v2\/media\/8402"}],"wp:attachment":[{"href":"https:\/\/krankenhauspfarramt.de\/index.php\/wp-json\/wp\/v2\/media?parent=8401"}],"wp:term":[{"taxonomy":"category","embeddable":true,"href":"https:\/\/krankenhauspfarramt.de\/index.php\/wp-json\/wp\/v2\/categories?post=8401"},{"taxonomy":"post_tag","embeddable":true,"href":"https:\/\/krankenhauspfarramt.de\/index.php\/wp-json\/wp\/v2\/tags?post=8401"}],"curies":[{"name":"wp","href":"https:\/\/api.w.org\/{rel}","templated":true}]}}