{"id":8404,"date":"2025-07-15T14:00:08","date_gmt":"2025-07-15T14:00:08","guid":{"rendered":"https:\/\/krankenhauspfarramt.de\/index.php\/2025\/07\/15\/jonah-klee-wird-referentin-fuer-gemeindepaedagogik-bei-der-velkd-ekd\/"},"modified":"2025-07-15T14:00:09","modified_gmt":"2025-07-15T14:00:09","slug":"jonah-klee-wird-referentin-fuer-gemeindepaedagogik-bei-der-velkd-ekd","status":"publish","type":"post","link":"https:\/\/krankenhauspfarramt.de\/index.php\/2025\/07\/15\/jonah-klee-wird-referentin-fuer-gemeindepaedagogik-bei-der-velkd-ekd\/","title":{"rendered":"Jonah Klee wird Referentin f\u00fcr Gemeindep\u00e4dagogik bei der VELKD \u2013 EKD"},"content":{"rendered":"<p> <br \/>\n<\/p>\n<div id=\"\">\n<div class=\"article--meta article--meta__border clearfix\">\n<p>                                    <time datetime=\"15.07.2025 12:00\" class=\"article--time\">15.07.2025<\/time><\/p>\n<p>                                     <strong class=\"article--type primus--overline\">Pressemitteilung<\/strong><\/p>\n<picture class=\"article--source-image image\"><source srcset=\"https:\/\/www.ekd.de\/ekd_de\/ds_img\/assets\/20170622_ekd-Quellenlogo_141_rdax_423x118.png\"><!--<source srcset=\"\/ekd_de\/ds_img\/assets\/20170622_ekd-Quellenlogo_141_rdax_141x39.png 1x, \/ekd_de\/ds_img\/assets\/20170622_ekd-Quellenlogo_141_rdax_282x78.png 2x, https:\/\/www.ekd.de\/ekd_de\/ds_img\/assets\/20170622_ekd-Quellenlogo_141_rdax_423x118.png 3x\">--><\/p>\n<p>    <\/source><\/picture>\n<\/p><\/div><\/div>\n<div id=\"\">\n<p>Jonah Klee, 39, \u00fcbernimmt zum 1.\u00a0September\u00a02025 das Referat f\u00fcr Gemeindep\u00e4dagogik im Amtsbereich der VELKD und die Gesch\u00e4ftsf\u00fchrung der Generalsynode. \u201eWir sind gl\u00fccklich, dass wir eine so kreative, vielseitige und erfahrene Expertin f\u00fcr theologische Bildung gewinnen konnten\u201c, sagt Stephan Schaede, Amtsbereichsleiter der VELKD und Vizepr\u00e4sident der Evangelischen Kirche in Deutschland (EKD). \u201eMit ihr werden wir spannende Projekte zur Kommunikation unseres Glaubens entwickeln.\u201c<\/p>\n<p>Klee hatte bislang die Studienleitung am Theologischen Zentrum der Evangelisch-lutherischen Landeskirche in Braunschweig inne, wo sie Ehrenamtliche im Verk\u00fcndigungsdienst ausbildete und das Atelier Sprache\u00a0e.\u00a0V. leitete. Klee, geboren in Berlin, bringt reichlich Gremienerfahrung mit \u2013 als Mitglied der Gesangbuchkommission und der Liturgischen Konferenz der EKD. Klee studierte evangelische Theologie in Berlin und Bern und wurde in Leipzig promoviert. Das Zweite Theologische Examen legte sie nach einem Vikariat in Berlin-Lichtenfelde ab, danach folgte ein Probedienst, unter anderem in der Jugendkirche Braunschweig.<\/p>\n<p>\u201eIch freue mich sehr auf die neue Aufgabe\u201c, sagt Klee, die sich neben dem Beruf im Sport (Bogenschie\u00dfen, Bouldern) engagiert und auf Instagram unter @stadtpoesie Lyrik ver\u00f6ffentlicht. \u201eIch komme aus einem Stadtteil von Berlin, in dem 90\u00a0Prozent der Menschen keiner Religionsgemeinschaft angeh\u00f6ren. Und trotzdem haben mich meine Erfahrungen in der Konfirmanden- und Jugendarbeit begeistert. Das will ich weitergeben.\u201c<\/p>\n<p>Ein Bild von Jonah Klee k\u00f6nnen Sie hier herunterladen.<\/p>\n<p>Hannover, 15. Juli 2025<\/p>\n<p>Pressestelle der VELKD<br \/>Frank Hofmann<br \/>Pressesprecher<\/p>\n<\/div>\n","protected":false},"excerpt":{"rendered":"<p>15.07.2025 Pressemitteilung Jonah Klee, 39, \u00fcbernimmt zum 1.\u00a0September\u00a02025 das Referat f\u00fcr Gemeindep\u00e4dagogik im Amtsbereich der VELKD und die Gesch\u00e4ftsf\u00fchrung der<\/p>\n","protected":false},"author":2,"featured_media":7504,"comment_status":"closed","ping_status":"closed","sticky":false,"template":"","format":"standard","meta":{"footnotes":""},"categories":[20],"tags":[],"_links":{"self":[{"href":"https:\/\/krankenhauspfarramt.de\/index.php\/wp-json\/wp\/v2\/posts\/8404"}],"collection":[{"href":"https:\/\/krankenhauspfarramt.de\/index.php\/wp-json\/wp\/v2\/posts"}],"about":[{"href":"https:\/\/krankenhauspfarramt.de\/index.php\/wp-json\/wp\/v2\/types\/post"}],"author":[{"embeddable":true,"href":"https:\/\/krankenhauspfarramt.de\/index.php\/wp-json\/wp\/v2\/users\/2"}],"replies":[{"embeddable":true,"href":"https:\/\/krankenhauspfarramt.de\/index.php\/wp-json\/wp\/v2\/comments?post=8404"}],"version-history":[{"count":1,"href":"https:\/\/krankenhauspfarramt.de\/index.php\/wp-json\/wp\/v2\/posts\/8404\/revisions"}],"predecessor-version":[{"id":8405,"href":"https:\/\/krankenhauspfarramt.de\/index.php\/wp-json\/wp\/v2\/posts\/8404\/revisions\/8405"}],"wp:featuredmedia":[{"embeddable":true,"href":"https:\/\/krankenhauspfarramt.de\/index.php\/wp-json\/wp\/v2\/media\/7504"}],"wp:attachment":[{"href":"https:\/\/krankenhauspfarramt.de\/index.php\/wp-json\/wp\/v2\/media?parent=8404"}],"wp:term":[{"taxonomy":"category","embeddable":true,"href":"https:\/\/krankenhauspfarramt.de\/index.php\/wp-json\/wp\/v2\/categories?post=8404"},{"taxonomy":"post_tag","embeddable":true,"href":"https:\/\/krankenhauspfarramt.de\/index.php\/wp-json\/wp\/v2\/tags?post=8404"}],"curies":[{"name":"wp","href":"https:\/\/api.w.org\/{rel}","templated":true}]}}