{"id":8415,"date":"2025-07-18T07:26:44","date_gmt":"2025-07-18T07:26:44","guid":{"rendered":"https:\/\/krankenhauspfarramt.de\/index.php\/2025\/07\/18\/materialheft-zur-oekumenischen-friedensdekade-vom-9-bis-19-november-2025-erschienen-ekd\/"},"modified":"2025-07-18T07:26:46","modified_gmt":"2025-07-18T07:26:46","slug":"materialheft-zur-oekumenischen-friedensdekade-vom-9-bis-19-november-2025-erschienen-ekd","status":"publish","type":"post","link":"https:\/\/krankenhauspfarramt.de\/index.php\/2025\/07\/18\/materialheft-zur-oekumenischen-friedensdekade-vom-9-bis-19-november-2025-erschienen-ekd\/","title":{"rendered":"Materialheft zur \u00d6kumenischen FriedensDekade vom 9. bis 19. November 2025 erschienen \u2013 EKD"},"content":{"rendered":"<p> <br \/>\n<\/p>\n<div id=\"\">\n<p>Das neue Materialheft zur \u00d6kumenischen FriedensDekade 2025 ist ab sofort online verf\u00fcgbar. Es bietet Kirchengemeinden zahlreiche Bausteine f\u00fcr die Gestaltung eines Bittgottesdienstes f\u00fcr den Frieden \u2013 auch mit Anregungen f\u00fcr die Arbeit mit Kindern.<\/p>\n<p>Enthalten sind unter anderem Gottesdienstbausteine, ein Lied zur FriedensDekade, eine Andacht, eine Meditation, eine Bildbetrachtung zum Plakatmotiv sowie eine Lesepredigt. Erarbeitet wurde das Heft von der Evangelischen Kirche in Deutschland (EKD) und der Evangelischen Arbeitsgemeinschaft f\u00fcr Kriegsdienstverweigerung und Frieden (EAK). Es wird in digitaler Form zur Verf\u00fcgung gestellt.<\/p>\n<p>Unter dem Motto \u201eKomm den Frieden wecken\u201c l\u00e4dt die diesj\u00e4hrige FriedensDekade vom 9. bis 19. November 2025 dazu ein, Frieden aktiv zu suchen und zu f\u00f6rdern \u2013 in pers\u00f6nlichen Beziehungen, in der Gesellschaft und weltweit. Die biblischen Impulse zum Motto (R\u00f6mer 13,11-12 und 1. K\u00f6nige 19,1-8) unterstreichen diese Botschaft: Sie rufen dazu auf, wach und bereit f\u00fcr den Frieden zu sein und auch in schwierigen Zeiten Hoffnung f\u00fcr Frieden zu sch\u00f6pfen. Rund um die FriedensDekade erscheint in diesem Jahr zudem die neue Friedensdenkschrift der EKD<\/p>\n<p>Die \u00d6kumenische FriedensDekade findet j\u00e4hrlich im November in den zehn Tagen vor dem Bu\u00df- und Bettag statt. Motto und Plakat werden vom Gespr\u00e4chsforum der \u00d6kumenischen FriedensDekade festgelegt, in dem die Arbeitsgemeinschaft Christlicher Kirchen in Deutschland e.V. (ACK) und eine Tr\u00e4gergruppe unter der Federf\u00fchrung der Aktionsgemeinschaft Dienst f\u00fcr den Frieden (AGDF) zusammenarbeiten.<\/p>\n<p>Das Heft steht ab dem 18.07.2025 im Internet als PDF zum Download bereit unter www.ekd.de\/bittgottesdienst2025. Weitere Informationen unter www.friedensdekade.de.<\/p>\n<p>Hannover, 18. Juli 2025<\/p>\n<p>Pressestelle der EKD<\/p>\n<\/div>\n","protected":false},"excerpt":{"rendered":"<p>Das neue Materialheft zur \u00d6kumenischen FriedensDekade 2025 ist ab sofort online verf\u00fcgbar. Es bietet Kirchengemeinden zahlreiche Bausteine f\u00fcr die Gestaltung<\/p>\n","protected":false},"author":2,"featured_media":8416,"comment_status":"closed","ping_status":"closed","sticky":false,"template":"","format":"standard","meta":{"footnotes":""},"categories":[20],"tags":[],"_links":{"self":[{"href":"https:\/\/krankenhauspfarramt.de\/index.php\/wp-json\/wp\/v2\/posts\/8415"}],"collection":[{"href":"https:\/\/krankenhauspfarramt.de\/index.php\/wp-json\/wp\/v2\/posts"}],"about":[{"href":"https:\/\/krankenhauspfarramt.de\/index.php\/wp-json\/wp\/v2\/types\/post"}],"author":[{"embeddable":true,"href":"https:\/\/krankenhauspfarramt.de\/index.php\/wp-json\/wp\/v2\/users\/2"}],"replies":[{"embeddable":true,"href":"https:\/\/krankenhauspfarramt.de\/index.php\/wp-json\/wp\/v2\/comments?post=8415"}],"version-history":[{"count":1,"href":"https:\/\/krankenhauspfarramt.de\/index.php\/wp-json\/wp\/v2\/posts\/8415\/revisions"}],"predecessor-version":[{"id":8417,"href":"https:\/\/krankenhauspfarramt.de\/index.php\/wp-json\/wp\/v2\/posts\/8415\/revisions\/8417"}],"wp:featuredmedia":[{"embeddable":true,"href":"https:\/\/krankenhauspfarramt.de\/index.php\/wp-json\/wp\/v2\/media\/8416"}],"wp:attachment":[{"href":"https:\/\/krankenhauspfarramt.de\/index.php\/wp-json\/wp\/v2\/media?parent=8415"}],"wp:term":[{"taxonomy":"category","embeddable":true,"href":"https:\/\/krankenhauspfarramt.de\/index.php\/wp-json\/wp\/v2\/categories?post=8415"},{"taxonomy":"post_tag","embeddable":true,"href":"https:\/\/krankenhauspfarramt.de\/index.php\/wp-json\/wp\/v2\/tags?post=8415"}],"curies":[{"name":"wp","href":"https:\/\/api.w.org\/{rel}","templated":true}]}}