{"id":8418,"date":"2025-07-21T16:07:19","date_gmt":"2025-07-21T16:07:19","guid":{"rendered":"https:\/\/krankenhauspfarramt.de\/index.php\/2025\/07\/21\/ein-besuch-beim-inselpastor-von-wangerooge-ekd\/"},"modified":"2025-07-21T16:07:20","modified_gmt":"2025-07-21T16:07:20","slug":"ein-besuch-beim-inselpastor-von-wangerooge-ekd","status":"publish","type":"post","link":"https:\/\/krankenhauspfarramt.de\/index.php\/2025\/07\/21\/ein-besuch-beim-inselpastor-von-wangerooge-ekd\/","title":{"rendered":"Ein Besuch beim Inselpastor von Wangerooge \u2013 EKD"},"content":{"rendered":"<p> <br \/>\n<\/p>\n<div>\n<p>Die Geschichten seien ein willkommener Tagesabschluss, \u201emit Ruhe, nicht nur f\u00fcr die Kinder, auch f\u00fcr mich\u201c, schw\u00e4rmt Insel-Urlauber Bj\u00f6rn Kn\u00f6lke, der mit seiner Familie gekommen ist. Und auch Marx hat Spa\u00df. \u201eIch liebe das, dieser direkte Draht zu den Kindern, Eltern und Gro\u00dfeltern\u201c, sagt der Theologe, der aus dem \u00f6sterreichischen Gro\u00dfpetersdorf s\u00fcdlich von Wien an die K\u00fcste gereist ist. Genauso wie Lektorinnen und andere Ehrenamtliche unterst\u00fctzt er Inselpastor Jan Janssen im Sommer, schon zum zehnten Mal.<\/p>\n<p>Der Deal: ein Mix aus Arbeit und Urlaub. Marx gestaltet Gottesdienste, Vortr\u00e4ge und Aktionen wie die Gute-Nacht-Geschichten und hat daf\u00fcr im Pfarrhaus direkt neben der Kirche f\u00fcr sich, seine Frau und drei Kinder eine Wohnung frei. Nach Marx folgen weitere Kolleginnen und Kollegen.<\/p>\n<p>\u00c4hnlich l\u00e4uft es mit dem Projekt \u201eMusik gegen Koje\u201c, das sich Jan Janssen mangels eigener fest angestellter Kirchenmusiker in der Gemeinde ausgedacht hat und das nun schon im dritten Jahr funktioniert. Vom Festland kommen Musikerinnen und Musiker, gestalten kleine Konzertabende, wirken im Gottesdienst mit oder auch bei Taufen, Trauerfeiern und Hochzeiten der Insulaner, die trotz der Mehrarbeit in den Sommerwochen nicht verschoben werden. \u201eWir genie\u00dfen ein Publikum, das bunt gemischt von \u00fcberall her in die Kirche kommt\u201c, sagt Musikerin Karola Schmelz-H\u00f6pfner, die mit ihrem Mann Christian f\u00fcr ein paar Tage im Pfarrhaus eingezogen ist.<\/p>\n<p>Gottesdienste und die Musik &#8211; das sind auf der Insel absolute Publikumsmagneten. Das Duo Schmelz-H\u00f6pfner aus dem oldenburgischen Ganderkesee hat unter anderem Songs von den \u201eFab Four\u201c mitgebracht, mit denen sie einen Abend gestalten: 60 Minuten \u201eThe Beatles meet the Bible\u201c, Lieder verbunden mit Bibeltexten. \u201eA hard Day&#8217;s night\u201c zum Beispiel. Dazu liest Jan Janssen aus den Prediger-Texten: \u201eGenie\u00df das Leben mit der Frau, die du liebst.\u201c<\/p>\n<p>Bei \u201eYesterday\u201c singen fast alle in der voll besetzten Kirche laut mit. Manche schlie\u00dfen dabei die Augen, andere wippen zum Takt mit den F\u00fc\u00dfen. Dann, zum Ende, \u201eLet it be\u201c. Das Publikum erhebt sich aus den Kirchenb\u00e4nken, Zugabe-Rufe und anhaltender Applaus. Karola Schmelz-H\u00f6pfner freut sich \u00fcber den Beifall und ermutigt die G\u00e4ste: \u201eKlatschen ist wie mit den H\u00e4nden &#8218;Amen&#8216; sagen.\u201c Schlie\u00dflich, zum Runterkommen, leise Gitarrenkl\u00e4nge, das \u201eGood Night\u201c von Paul McCartney und John Lennon: \u201eNow it&#8217;s time to say good night &#8211; Good night, sleep tight.\u201c<\/p>\n<p>Eine Stunde mit den Beatles, das ist fast die Ausnahme. Es sei die zeitlich begrenzte Form, die Miniatur, die bei den G\u00e4sten gefragt sei, sagt Jan Janssen. \u201eDie Zeit im Urlaub ist kostbar\u201c, wei\u00df der Inselpastor und gestaltet passende Angebote. Ein Beispiel daf\u00fcr sind seine Abendandachten unter dem Titel \u201eEine Handvoll Augenblicke\u201c, 60 Einladungen bis Anfang September, jeweils f\u00fcr 15 Minuten.<\/p>\n<p>Die Entdeckungsreisen durch die Nikolaikirche und die Gute-Nacht-Geschichten sind nach gut 30 Minuten zu Ende. Auch der Gottesdienst am Sonntag hat zeitlich ein klares Format. Selbst wenn er wie dieses Mal vom Ehepaar Schmelz-H\u00f6pfner mit Beatles-Songs bereichert wird.<\/p>\n<p>Das sei gro\u00dfartig gewesen, schw\u00e4rmt beim Tee nach dem Gottesdienst im Gemeindezentrum Alexia Dubourg, die gerade als Praktikantin im Nationalparkhaus arbeitet. \u201eDie Leute hatten alle ein L\u00e4cheln im Gesicht\u201c, meint die 25-j\u00e4hrige Studentin. Vielleicht hat das auch etwas mit dem letzten Lied zu tun, einem echten Ohrwurm: \u201eHere comes the sun.\u201c Bei der Heimreise im Waggon der Inselbahn auf dem Weg durch die Salzwiesen Richtung Hafen klingen Melodie und Text noch lange nach: \u201eHere comes the sun, and I say it&#8217;s all right.\u201c<\/p>\n<\/p><\/div>\n","protected":false},"excerpt":{"rendered":"<p>Die Geschichten seien ein willkommener Tagesabschluss, \u201emit Ruhe, nicht nur f\u00fcr die Kinder, auch f\u00fcr mich\u201c, schw\u00e4rmt Insel-Urlauber Bj\u00f6rn Kn\u00f6lke,<\/p>\n","protected":false},"author":2,"featured_media":8419,"comment_status":"closed","ping_status":"closed","sticky":false,"template":"","format":"standard","meta":{"footnotes":""},"categories":[20],"tags":[],"_links":{"self":[{"href":"https:\/\/krankenhauspfarramt.de\/index.php\/wp-json\/wp\/v2\/posts\/8418"}],"collection":[{"href":"https:\/\/krankenhauspfarramt.de\/index.php\/wp-json\/wp\/v2\/posts"}],"about":[{"href":"https:\/\/krankenhauspfarramt.de\/index.php\/wp-json\/wp\/v2\/types\/post"}],"author":[{"embeddable":true,"href":"https:\/\/krankenhauspfarramt.de\/index.php\/wp-json\/wp\/v2\/users\/2"}],"replies":[{"embeddable":true,"href":"https:\/\/krankenhauspfarramt.de\/index.php\/wp-json\/wp\/v2\/comments?post=8418"}],"version-history":[{"count":1,"href":"https:\/\/krankenhauspfarramt.de\/index.php\/wp-json\/wp\/v2\/posts\/8418\/revisions"}],"predecessor-version":[{"id":8420,"href":"https:\/\/krankenhauspfarramt.de\/index.php\/wp-json\/wp\/v2\/posts\/8418\/revisions\/8420"}],"wp:featuredmedia":[{"embeddable":true,"href":"https:\/\/krankenhauspfarramt.de\/index.php\/wp-json\/wp\/v2\/media\/8419"}],"wp:attachment":[{"href":"https:\/\/krankenhauspfarramt.de\/index.php\/wp-json\/wp\/v2\/media?parent=8418"}],"wp:term":[{"taxonomy":"category","embeddable":true,"href":"https:\/\/krankenhauspfarramt.de\/index.php\/wp-json\/wp\/v2\/categories?post=8418"},{"taxonomy":"post_tag","embeddable":true,"href":"https:\/\/krankenhauspfarramt.de\/index.php\/wp-json\/wp\/v2\/tags?post=8418"}],"curies":[{"name":"wp","href":"https:\/\/api.w.org\/{rel}","templated":true}]}}