{"id":8421,"date":"2025-07-21T20:08:37","date_gmt":"2025-07-21T20:08:37","guid":{"rendered":"https:\/\/krankenhauspfarramt.de\/index.php\/2025\/07\/21\/ekd-ratsvorsitzende-wuerdigt-zentralrat-der-juden-ekd\/"},"modified":"2025-07-21T20:08:37","modified_gmt":"2025-07-21T20:08:37","slug":"ekd-ratsvorsitzende-wuerdigt-zentralrat-der-juden-ekd","status":"publish","type":"post","link":"https:\/\/krankenhauspfarramt.de\/index.php\/2025\/07\/21\/ekd-ratsvorsitzende-wuerdigt-zentralrat-der-juden-ekd\/","title":{"rendered":"EKD-Ratsvorsitzende w\u00fcrdigt Zentralrat der Juden \u2013 EKD"},"content":{"rendered":"<p> <br \/>\n<\/p>\n<div>\n<p>Dieser Einsatz f\u00fcr Verst\u00e4ndigung, Erinnerung und eine lebendige j\u00fcdische Kultur sei \u201evon unsch\u00e4tzbarem Wert. Gerade in einer Zeit wachsender gesellschaftlicher Spaltungen und H\u00e4rte ist das Wirken des Zentralrats ein bedeutendes Zeichen der Hoffnung\u201c, hob die Hamburger Bisch\u00f6fin hervor. Die Ratsvorsitzende versicherte zudem, die Evangelische Kirche in Deutschland stehe \u201emit Respekt und Verbundenheit an seiner Seite und mit dem festen Willen, gemeinsam f\u00fcr das Gute in unserer Gesellschaft einzutreten.\u201c<\/p>\n<p>Am 19. Juli 1950 wurde in Frankfurt am Main der Zentralrat der Juden in Deutschland gegr\u00fcndet, f\u00fcnf Jahre nach dem Ende des Zweiten Weltkriegs und dem Massenmord an sechs Millionen J\u00fcdinnen und Juden in Europa. Heute ist der Zentralrat der Juden die politische, gesellschaftliche und religi\u00f6se Vertretung der j\u00fcdischen Gemeinschaft in Deutschland. Er ist zudem die Dachorganisation der j\u00fcdischen Gemeinden aller Denominationen.<\/p>\n<\/p><\/div>\n","protected":false},"excerpt":{"rendered":"<p>Dieser Einsatz f\u00fcr Verst\u00e4ndigung, Erinnerung und eine lebendige j\u00fcdische Kultur sei \u201evon unsch\u00e4tzbarem Wert. Gerade in einer Zeit wachsender gesellschaftlicher<\/p>\n","protected":false},"author":2,"featured_media":7501,"comment_status":"closed","ping_status":"closed","sticky":false,"template":"","format":"standard","meta":{"footnotes":""},"categories":[20],"tags":[],"_links":{"self":[{"href":"https:\/\/krankenhauspfarramt.de\/index.php\/wp-json\/wp\/v2\/posts\/8421"}],"collection":[{"href":"https:\/\/krankenhauspfarramt.de\/index.php\/wp-json\/wp\/v2\/posts"}],"about":[{"href":"https:\/\/krankenhauspfarramt.de\/index.php\/wp-json\/wp\/v2\/types\/post"}],"author":[{"embeddable":true,"href":"https:\/\/krankenhauspfarramt.de\/index.php\/wp-json\/wp\/v2\/users\/2"}],"replies":[{"embeddable":true,"href":"https:\/\/krankenhauspfarramt.de\/index.php\/wp-json\/wp\/v2\/comments?post=8421"}],"version-history":[{"count":1,"href":"https:\/\/krankenhauspfarramt.de\/index.php\/wp-json\/wp\/v2\/posts\/8421\/revisions"}],"predecessor-version":[{"id":8422,"href":"https:\/\/krankenhauspfarramt.de\/index.php\/wp-json\/wp\/v2\/posts\/8421\/revisions\/8422"}],"wp:featuredmedia":[{"embeddable":true,"href":"https:\/\/krankenhauspfarramt.de\/index.php\/wp-json\/wp\/v2\/media\/7501"}],"wp:attachment":[{"href":"https:\/\/krankenhauspfarramt.de\/index.php\/wp-json\/wp\/v2\/media?parent=8421"}],"wp:term":[{"taxonomy":"category","embeddable":true,"href":"https:\/\/krankenhauspfarramt.de\/index.php\/wp-json\/wp\/v2\/categories?post=8421"},{"taxonomy":"post_tag","embeddable":true,"href":"https:\/\/krankenhauspfarramt.de\/index.php\/wp-json\/wp\/v2\/tags?post=8421"}],"curies":[{"name":"wp","href":"https:\/\/api.w.org\/{rel}","templated":true}]}}