{"id":8423,"date":"2025-07-23T17:08:03","date_gmt":"2025-07-23T17:08:03","guid":{"rendered":"https:\/\/krankenhauspfarramt.de\/index.php\/2025\/07\/23\/fake-oder-wahrheit-interaktive-ausstellung-zur-medienkompetenz-ekd\/"},"modified":"2025-07-23T17:08:05","modified_gmt":"2025-07-23T17:08:05","slug":"fake-oder-wahrheit-interaktive-ausstellung-zur-medienkompetenz-ekd","status":"publish","type":"post","link":"https:\/\/krankenhauspfarramt.de\/index.php\/2025\/07\/23\/fake-oder-wahrheit-interaktive-ausstellung-zur-medienkompetenz-ekd\/","title":{"rendered":"Fake oder Wahrheit? Interaktive Ausstellung zur Medienkompetenz \u2013 EKD"},"content":{"rendered":"<p> <br \/>\n<\/p>\n<div>\n<p><span style=\"line-height:107%\">Die zunehmende Verbreitung von Fake News und Verschw\u00f6rungstheorien stellt eine ernsthafte Bedrohung f\u00fcr die Demokratie dar. Gleichzeitig spielen K\u00fcnstliche Intelligenz und maschinelles Lernen eine immer gr\u00f6\u00dfere Rolle bei der Erstellung und Suche von Informationen. Die Ausstellung \u201cFake News\u201d zielt darauf ab, die \u00d6ffentlichkeit f\u00fcr die Mechanismen und Auswirkungen von Fake News, Verschw\u00f6rungstheorien und AI zu sensibilisieren und spielerisch ein Verst\u00e4ndnis f\u00fcr die Herausforderungen zu schaffen. Die Ausstellung besteht aus 25 Plakaten, die zentrale Begriffe rund um das Thema Fake News erkl\u00e4ren. Sie stellt historische Pers\u00f6nlichkeiten vor und zeigt praktische Beispiele und Use Cases.<\/span><\/p>\n<\/p><\/div>\n<div id=\"\">\n<p>Anhand einer Vielzahl von Bildmotiven, Elementen und informativen Materialien kann sich das Publikum dem Thema aus verschiedenen Perspektiven ann\u00e4hern. Die Ausstellung ist interaktiv angelegt: \u00dcber QR-Codes gelangen die Nutzer in den virtuellen Ausstellungsraum, in dem sie mehr \u00fcber das Thema Fake News erfahren. Dort finden sich auch Videos, Audios oder Hintergrundinformationen. Die Schau eignet sich besonders f\u00fcr Bildungseinrichtungen wie Bibliotheken, Schulen, Volkshochschulen, aber auch f\u00fcr Gemeinden, Kommunen oder Verb\u00e4nde. Kooperationspartner der Ausstellung ist der Bereich \u201cDigitalisierung\u201d der Evangelischen Kirche in Deutschland (EKD).<\/p>\n<p>F\u00f6rderung durch den EKD-Digitalinnovationsfonds: 15.000 \u20ac<\/p>\n<\/div>\n","protected":false},"excerpt":{"rendered":"<p>Die zunehmende Verbreitung von Fake News und Verschw\u00f6rungstheorien stellt eine ernsthafte Bedrohung f\u00fcr die Demokratie dar. Gleichzeitig spielen K\u00fcnstliche Intelligenz<\/p>\n","protected":false},"author":2,"featured_media":8424,"comment_status":"closed","ping_status":"closed","sticky":false,"template":"","format":"standard","meta":{"footnotes":""},"categories":[20],"tags":[],"_links":{"self":[{"href":"https:\/\/krankenhauspfarramt.de\/index.php\/wp-json\/wp\/v2\/posts\/8423"}],"collection":[{"href":"https:\/\/krankenhauspfarramt.de\/index.php\/wp-json\/wp\/v2\/posts"}],"about":[{"href":"https:\/\/krankenhauspfarramt.de\/index.php\/wp-json\/wp\/v2\/types\/post"}],"author":[{"embeddable":true,"href":"https:\/\/krankenhauspfarramt.de\/index.php\/wp-json\/wp\/v2\/users\/2"}],"replies":[{"embeddable":true,"href":"https:\/\/krankenhauspfarramt.de\/index.php\/wp-json\/wp\/v2\/comments?post=8423"}],"version-history":[{"count":1,"href":"https:\/\/krankenhauspfarramt.de\/index.php\/wp-json\/wp\/v2\/posts\/8423\/revisions"}],"predecessor-version":[{"id":8425,"href":"https:\/\/krankenhauspfarramt.de\/index.php\/wp-json\/wp\/v2\/posts\/8423\/revisions\/8425"}],"wp:featuredmedia":[{"embeddable":true,"href":"https:\/\/krankenhauspfarramt.de\/index.php\/wp-json\/wp\/v2\/media\/8424"}],"wp:attachment":[{"href":"https:\/\/krankenhauspfarramt.de\/index.php\/wp-json\/wp\/v2\/media?parent=8423"}],"wp:term":[{"taxonomy":"category","embeddable":true,"href":"https:\/\/krankenhauspfarramt.de\/index.php\/wp-json\/wp\/v2\/categories?post=8423"},{"taxonomy":"post_tag","embeddable":true,"href":"https:\/\/krankenhauspfarramt.de\/index.php\/wp-json\/wp\/v2\/tags?post=8423"}],"curies":[{"name":"wp","href":"https:\/\/api.w.org\/{rel}","templated":true}]}}