{"id":8426,"date":"2025-07-23T23:17:06","date_gmt":"2025-07-23T23:17:06","guid":{"rendered":"https:\/\/krankenhauspfarramt.de\/index.php\/2025\/07\/23\/14-07-2025-kirchen-unterstuetzen-orientierungsplan-fuer-kindertageseinrichtungen\/"},"modified":"2025-07-23T23:17:06","modified_gmt":"2025-07-23T23:17:06","slug":"14-07-2025-kirchen-unterstuetzen-orientierungsplan-fuer-kindertageseinrichtungen","status":"publish","type":"post","link":"https:\/\/krankenhauspfarramt.de\/index.php\/2025\/07\/23\/14-07-2025-kirchen-unterstuetzen-orientierungsplan-fuer-kindertageseinrichtungen\/","title":{"rendered":"14.07.2025 Kirchen unterst\u00fctzen Orientierungsplan f\u00fcr Kindertageseinrichtungen"},"content":{"rendered":"<p><\/p>\n<div>\n<p class=\"text-justify\">Stuttgart\/Karlsruhe\/Rottenburg\/Freiburg. Mit einer gro\u00dfen Kick-Off-Veranstaltung hat das Kultusministerium am Montag (14. Juli) den weiterentwickelten Orientierungsplan f\u00fcr Bildung und Erziehung in Kindertageseinrichtungen und in der Kindertagespflege in Baden-W\u00fcrttemberg vorgestellt. Bei der Pr\u00e4sentation waren auch Vertreterinnen und Vertreter der vier gro\u00dfen christlichen Kirchen des Landes aktiv beteiligt.<\/p>\n<p class=\"text-justify\">Zur Vorstellung des neuen Orientierungsplans erkl\u00e4rten die Evangelische Landeskirche W\u00fcrttemberg, die Evangelische Landeskirche in Baden, die Di\u00f6zese Rottenburg-Stuttgart und die Erzdi\u00f6zese Freiburg: \u201eDer Orientierungsplan ist eine wichtige Basis f\u00fcr die Gestaltung von Bildungsprozessen. Er st\u00e4rkt p\u00e4dagogische Fachkr\u00e4fte f\u00fcr diese gesellschaftlich bedeutsame Arbeit und gibt Orientierung. Als Kirchen bringen wir unsere Kompetenzen und Perspektiven als starke Partner gerne ein.\u201c<\/p>\n<p class=\"text-justify\"><strong>Gemeinsame Wertebasis und konkrete Praxisbausteine<\/strong><\/p>\n<p class=\"text-justify\">Die vier gro\u00dfen Kirchen in Baden-W\u00fcrttemberg und ihre Verb\u00e4nde hatten den Entwicklungsprozess zur Neuauflage engagiert begleitet und wichtige Impulse eingebracht. Ziel ist es nun, auch den Transfer in die Kindertageseinrichtungen zu unterst\u00fctzen. Schwerpunkte hierf\u00fcr sind der Einsatz f\u00fcr eine gemeinsame Wertebasis und konkrete Praxisbausteine zur Umsetzung des Bildungs- und Entwicklungsfeldes \u201eKultur, Werte, Religion\u201c.\u00a0<\/p>\n<p class=\"text-justify\">Zeitgleich zur Ver\u00f6ffentlichung des Orientierungsplans pr\u00e4sentieren die Kirchen und ihre Verb\u00e4nde ein Kartenset f\u00fcr die Kita-Praxis: \u201eEcht jetzt?! Religi\u00f6se Bildung in der Kita\u201c. Dazu erkl\u00e4rten die vier Kirchen: \u201eMit diesen Karten bieten wir p\u00e4dagogischen Teams einen T\u00fcr\u00f6ffner an. Sie sind praktische Impulse, sich mit den Zielen und Handlungskriterien religi\u00f6ser Bildung auseinanderzusetzen.\u201c Die Karten greifen die religi\u00f6se und weltanschauliche Vielfalt auf und geben Hinweise zur Gestaltung religionssensibler Bildungsprozesse. Dies st\u00e4rkt ein gelingendes Miteinander und tr\u00e4gt zum gesellschaftlichen Zusammenhalt bei. Das Kartenset wird mit dem Orientierungsplan an alle Kitas in Baden-W\u00fcrttemberg verschickt, so dass jedes Team dieses f\u00fcr seine Arbeit vor Ort nutzen kann. N\u00e4here Informationen unter www.kultur-werte-religion.de.<\/p>\n<p class=\"text-justify\"><u>Hintergrund:<\/u><\/p>\n<p class=\"text-justify\">Verantwortlich f\u00fcr die Kita-Arbeit in den Kirchen ist die\u00a0Konferenz der evangelischen und katholischen Kirchenleitungen Baden-W\u00fcrttemberg und ihrer Spitzen-\/Tr\u00e4gerverb\u00e4nde f\u00fcr Kindertageseinrichtungen (4KK-Kita). Mitglieder der 4KK-Kita und damit Herausgeber des Kartensets \u201eEcht jetzt?! Religi\u00f6se Bildung in der Kita\u201c sind die Evangelische Landeskirche in Baden, das Diakonische Werk der Evangelischen Landeskirche in Baden, die Erzdi\u00f6zese Freiburg, der Caritasverband f\u00fcr die Erzdi\u00f6zese Freiburg e.V.<i>,\u00a0<\/i>die Evangelische Landeskirche in W\u00fcrttemberg, der Evangelische Landesverband &#8211; Tageseinrichtungen f\u00fcr Kinder in W\u00fcrttemberg e.V., die Di\u00f6zese Rottenburg-Stuttgart und der Landesverband Katholischer Kindertagesst\u00e4tten der Di\u00f6zese Rottenburg-Stuttgart e.V. Die 4KK-Kita vertritt die Interessen von rund der H\u00e4lfte der Kindertageseinrichtungen in Baden-W\u00fcrttemberg.<\/p>\n<p class=\"text-justify\">Dan Peter<br \/>Sprecher der Landeskirche<\/p>\n<p><strong>Hinweis: <\/strong>Die Pressemitteilung wird von den vier gro\u00dfen Kirchen in Baden-W\u00fcrttemberg zeitgleich versendet. Wir bitten Mehrfachsendungen zu entschuldigen.<\/p>\n<\/p><\/div>\n","protected":false},"excerpt":{"rendered":"<p>Stuttgart\/Karlsruhe\/Rottenburg\/Freiburg. Mit einer gro\u00dfen Kick-Off-Veranstaltung hat das Kultusministerium am Montag (14. Juli) den weiterentwickelten Orientierungsplan f\u00fcr Bildung und Erziehung in<\/p>\n","protected":false},"author":1,"featured_media":0,"comment_status":"closed","ping_status":"closed","sticky":false,"template":"","format":"standard","meta":{"footnotes":""},"categories":[21],"tags":[],"_links":{"self":[{"href":"https:\/\/krankenhauspfarramt.de\/index.php\/wp-json\/wp\/v2\/posts\/8426"}],"collection":[{"href":"https:\/\/krankenhauspfarramt.de\/index.php\/wp-json\/wp\/v2\/posts"}],"about":[{"href":"https:\/\/krankenhauspfarramt.de\/index.php\/wp-json\/wp\/v2\/types\/post"}],"author":[{"embeddable":true,"href":"https:\/\/krankenhauspfarramt.de\/index.php\/wp-json\/wp\/v2\/users\/1"}],"replies":[{"embeddable":true,"href":"https:\/\/krankenhauspfarramt.de\/index.php\/wp-json\/wp\/v2\/comments?post=8426"}],"version-history":[{"count":0,"href":"https:\/\/krankenhauspfarramt.de\/index.php\/wp-json\/wp\/v2\/posts\/8426\/revisions"}],"wp:attachment":[{"href":"https:\/\/krankenhauspfarramt.de\/index.php\/wp-json\/wp\/v2\/media?parent=8426"}],"wp:term":[{"taxonomy":"category","embeddable":true,"href":"https:\/\/krankenhauspfarramt.de\/index.php\/wp-json\/wp\/v2\/categories?post=8426"},{"taxonomy":"post_tag","embeddable":true,"href":"https:\/\/krankenhauspfarramt.de\/index.php\/wp-json\/wp\/v2\/tags?post=8426"}],"curies":[{"name":"wp","href":"https:\/\/api.w.org\/{rel}","templated":true}]}}