{"id":8470,"date":"2025-08-06T16:56:38","date_gmt":"2025-08-06T16:56:38","guid":{"rendered":"https:\/\/krankenhauspfarramt.de\/index.php\/2025\/08\/06\/bilder-aus-hiroshima-und-nagasaki-mahnen-bis-heute-ekd\/"},"modified":"2025-08-06T16:56:39","modified_gmt":"2025-08-06T16:56:39","slug":"bilder-aus-hiroshima-und-nagasaki-mahnen-bis-heute-ekd","status":"publish","type":"post","link":"https:\/\/krankenhauspfarramt.de\/index.php\/2025\/08\/06\/bilder-aus-hiroshima-und-nagasaki-mahnen-bis-heute-ekd\/","title":{"rendered":"Bilder aus Hiroshima und Nagasaki mahnen bis heute \u2013 EKD"},"content":{"rendered":"<p> <br \/>\n<\/p>\n<div>\n<p>Die Ratsvorsitzende wies auf die neue Friedensdenkschrift der EKD hin, die am 10. November bei der EKD-Synodentagung in Dresden ver\u00f6ffentlicht werden soll. Die Denkschrift stelle sich den aktuellen sicherheitspolitischen Herausforderungen und pl\u00e4diere zugleich f\u00fcr eine Ethik des gerechten Friedens, die den Schutz vor Gewalt ebenso als erforderlich ansehe wie Vertrauen und internationale Kooperation: \u201eFrieden entsteht letztlich nicht durch Drohung, sondern durch Dialog.\u201c<\/p>\n<p>Weit mehr als 200.000 Menschen in und um Hiroshima und Nagasaki kamen ums Leben, nachdem das US-amerikanische Milit\u00e4r am 6. und am 9. August 1945 Atombomben \u00fcber den japanischen St\u00e4dten abgeworfen hatte. Viele weitere Menschen starben noch Jahre sp\u00e4ter an den Folgen der Strahlung.<\/p>\n<\/p><\/div>\n","protected":false},"excerpt":{"rendered":"<p>Die Ratsvorsitzende wies auf die neue Friedensdenkschrift der EKD hin, die am 10. November bei der EKD-Synodentagung in Dresden ver\u00f6ffentlicht<\/p>\n","protected":false},"author":2,"featured_media":7647,"comment_status":"closed","ping_status":"closed","sticky":false,"template":"","format":"standard","meta":{"footnotes":""},"categories":[20],"tags":[],"_links":{"self":[{"href":"https:\/\/krankenhauspfarramt.de\/index.php\/wp-json\/wp\/v2\/posts\/8470"}],"collection":[{"href":"https:\/\/krankenhauspfarramt.de\/index.php\/wp-json\/wp\/v2\/posts"}],"about":[{"href":"https:\/\/krankenhauspfarramt.de\/index.php\/wp-json\/wp\/v2\/types\/post"}],"author":[{"embeddable":true,"href":"https:\/\/krankenhauspfarramt.de\/index.php\/wp-json\/wp\/v2\/users\/2"}],"replies":[{"embeddable":true,"href":"https:\/\/krankenhauspfarramt.de\/index.php\/wp-json\/wp\/v2\/comments?post=8470"}],"version-history":[{"count":1,"href":"https:\/\/krankenhauspfarramt.de\/index.php\/wp-json\/wp\/v2\/posts\/8470\/revisions"}],"predecessor-version":[{"id":8471,"href":"https:\/\/krankenhauspfarramt.de\/index.php\/wp-json\/wp\/v2\/posts\/8470\/revisions\/8471"}],"wp:featuredmedia":[{"embeddable":true,"href":"https:\/\/krankenhauspfarramt.de\/index.php\/wp-json\/wp\/v2\/media\/7647"}],"wp:attachment":[{"href":"https:\/\/krankenhauspfarramt.de\/index.php\/wp-json\/wp\/v2\/media?parent=8470"}],"wp:term":[{"taxonomy":"category","embeddable":true,"href":"https:\/\/krankenhauspfarramt.de\/index.php\/wp-json\/wp\/v2\/categories?post=8470"},{"taxonomy":"post_tag","embeddable":true,"href":"https:\/\/krankenhauspfarramt.de\/index.php\/wp-json\/wp\/v2\/tags?post=8470"}],"curies":[{"name":"wp","href":"https:\/\/api.w.org\/{rel}","templated":true}]}}