{"id":8475,"date":"2025-08-06T23:19:16","date_gmt":"2025-08-06T23:19:16","guid":{"rendered":"https:\/\/krankenhauspfarramt.de\/index.php\/2025\/08\/06\/04-08-2025-gudrun-bertsch-60-wird-neue-schuldekanin-der-kirchenbezirke-herrenberg-und-boeblingen\/"},"modified":"2025-08-06T23:19:16","modified_gmt":"2025-08-06T23:19:16","slug":"04-08-2025-gudrun-bertsch-60-wird-neue-schuldekanin-der-kirchenbezirke-herrenberg-und-boeblingen","status":"publish","type":"post","link":"https:\/\/krankenhauspfarramt.de\/index.php\/2025\/08\/06\/04-08-2025-gudrun-bertsch-60-wird-neue-schuldekanin-der-kirchenbezirke-herrenberg-und-boeblingen\/","title":{"rendered":"04.08.2025 Gudrun Bertsch (60) wird neue Schuldekanin der Kirchenbezirke Herrenberg und B\u00f6blingen"},"content":{"rendered":"<p><\/p>\n<div>\n<h2><span>\u201eWer diese Welt verstehen will, der muss auch etwas von Religion verstehen\u201c<\/span><\/h2>\n<p>Stuttgart\/Herrenberg\/B\u00f6blingen. Gudrun Bertsch ist zur neuen Schuldekanin der Kirchenbezirke Herrenberg und B\u00f6blingen gew\u00e4hlt worden. Sie folgt auf Dr. Andreas Hinz, Schuldekan f\u00fcr die Kirchenbezirke Leonberg und M\u00fchlacker, der seit ihrer Pensionierung Schuldekanin Ursula Ripp-Hilt in B\u00f6blingen und Herrenberg vertreten hat. Aktuell ist Gudrun Bertsch als Co-Schuldekanin den Kirchenbezirken Reutlingen und Bad Urach-M\u00fcnsingen t\u00e4tig. Ihre neue Aufgabe wird sie zum 1. Dezember 2025 antreten.<\/p>\n<p>Bertsch sagt \u00fcber ihre neue Aufgabe: \u201eBildungsarbeit geh\u00f6rt zu den grundlegenden Aufgaben der Kirche. Die Reformation war im Kern eine Bildungsbewegung.\u201c Sie wolle \u201eals Schuldekanin Kirchengemeinden und Lehrpersonen f\u00fcr ihre vielf\u00e4ltigen Bildungsaufgaben sensibilisieren, motivieren und st\u00e4rken. Zusammen mit den Berufsgruppen, die im p\u00e4dagogischen Feld Verantwortung \u00fcbernehmen, werde ich tragf\u00e4hige Strukturen bewahren und neue Formate kirchlich verantworteter Bildungsarbeit entwickeln. So m\u00f6chte ich beispielsweise f\u00fcr das Engagement von Kirchengemeinden und Kirchenbezirken an der Schule im Rahmen von Ganztagsbetreuung werben.\u201c\u00a0<\/p>\n<p>\u201eZum Verst\u00e4ndnis der Welt geh\u00f6ren religi\u00f6se Fragestellungen\u201c, so Gudrun Bertsch. In den multiplen Gegenwartskrisen brauche es \u201eZukunftsmut\u201c, gerade f\u00fcr Kinder und Jugendliche. Evangelische Bildungsarbeit, die mehr ist als Schule, k\u00f6nne dazu einen wichtigen Beitrag leisten. \u201eWer diese Welt verstehen will, der muss auch etwas von Religion verstehen. Denn Bildung ohne Religion ist unvollst\u00e4ndig, genauso unvollst\u00e4ndig ist Religion ohne Bildung.\u201c<\/p>\n<p>Nach einem Diakonischen Jahr in Paris und dem Studium der Theologie in Heidelberg, Bern und Berlin und einer Ausbildung zur Religionsp\u00e4dagogin unterrichtete Bertsch an verschiedenen Schulen der Evangelischen Kirche Berlin-Brandenburg. Nach dem Vikariat in der w\u00fcrttembergischen Landeskirche und Dienst als Pfarrerin zur Anstellung arbeitete sie als Studienassistentin am Pfarrseminar im Studienzentrum Haus Birkach in Stuttgart f\u00fcr die F\u00e4cher Homiletik (Predigtlehre) und Pastoraltheologie. Von 2004 bis 2018 war sie gesch\u00e4ftsf\u00fchrende Pfarrerin der Kirchengemeinde Hagelloch. In den vergangenen sieben Jahren arbeitete sie als Co-Schuldekanin f\u00fcr die Kirchenbezirke Reutlingen und Bad Urach- M\u00fcnsingen.<\/p>\n<p>Gudrun Bertsch ist mit dem K\u00fcnstler und Restaurator Sebastian Rogler verheiratet, der eine Tochter mit in die Ehe gebracht hat. Ein Pflegesohn geh\u00f6rt ebenfalls zur Familie.\u00a0<\/p>\n<p>Dan Peter<br \/>Sprecher der Landeskirche<\/p>\n<p><strong>HINWEIS:<\/strong> Ein Bild von Gudrun Bertsch finden Sie im\u00a0Pressebereich unserer Website.<\/p>\n<\/p><\/div>\n","protected":false},"excerpt":{"rendered":"<p>\u201eWer diese Welt verstehen will, der muss auch etwas von Religion verstehen\u201c Stuttgart\/Herrenberg\/B\u00f6blingen. Gudrun Bertsch ist zur neuen Schuldekanin der<\/p>\n","protected":false},"author":1,"featured_media":0,"comment_status":"closed","ping_status":"closed","sticky":false,"template":"","format":"standard","meta":{"footnotes":""},"categories":[21],"tags":[],"_links":{"self":[{"href":"https:\/\/krankenhauspfarramt.de\/index.php\/wp-json\/wp\/v2\/posts\/8475"}],"collection":[{"href":"https:\/\/krankenhauspfarramt.de\/index.php\/wp-json\/wp\/v2\/posts"}],"about":[{"href":"https:\/\/krankenhauspfarramt.de\/index.php\/wp-json\/wp\/v2\/types\/post"}],"author":[{"embeddable":true,"href":"https:\/\/krankenhauspfarramt.de\/index.php\/wp-json\/wp\/v2\/users\/1"}],"replies":[{"embeddable":true,"href":"https:\/\/krankenhauspfarramt.de\/index.php\/wp-json\/wp\/v2\/comments?post=8475"}],"version-history":[{"count":0,"href":"https:\/\/krankenhauspfarramt.de\/index.php\/wp-json\/wp\/v2\/posts\/8475\/revisions"}],"wp:attachment":[{"href":"https:\/\/krankenhauspfarramt.de\/index.php\/wp-json\/wp\/v2\/media?parent=8475"}],"wp:term":[{"taxonomy":"category","embeddable":true,"href":"https:\/\/krankenhauspfarramt.de\/index.php\/wp-json\/wp\/v2\/categories?post=8475"},{"taxonomy":"post_tag","embeddable":true,"href":"https:\/\/krankenhauspfarramt.de\/index.php\/wp-json\/wp\/v2\/tags?post=8475"}],"curies":[{"name":"wp","href":"https:\/\/api.w.org\/{rel}","templated":true}]}}