{"id":8476,"date":"2025-08-07T09:01:45","date_gmt":"2025-08-07T09:01:45","guid":{"rendered":"https:\/\/krankenhauspfarramt.de\/index.php\/2025\/08\/07\/ekd-und-weltkirchenrat-bekraeftigen-zusammenarbeit-ekd\/"},"modified":"2025-08-07T09:01:45","modified_gmt":"2025-08-07T09:01:45","slug":"ekd-und-weltkirchenrat-bekraeftigen-zusammenarbeit-ekd","status":"publish","type":"post","link":"https:\/\/krankenhauspfarramt.de\/index.php\/2025\/08\/07\/ekd-und-weltkirchenrat-bekraeftigen-zusammenarbeit-ekd\/","title":{"rendered":"EKD und Weltkirchenrat bekr\u00e4ftigen Zusammenarbeit \u2013 EKD"},"content":{"rendered":"<p> <br \/>\n<\/p>\n<div>\n<p>Der fr\u00fchere EKD-Ratsvorsitzende und derzeitige Moderator des \u00d6RK-Zentralkomitees, Heinrich Bedford-Strohm, r\u00e4umte laut EKD und \u00d6RK ein, dass es unterschiedliche Auffassungen dar\u00fcber gebe, ob der Begriff \u201eApartheid\u201c geeignet sei, die Situation der Pal\u00e4stinenser unter israelischer Besatzung zu beschreiben. \u201eDoch die Diskussion dar\u00fcber darf uns nicht davon ablenken, auf die Hungersnot zu blicken, die gerade jetzt in Gaza herrscht und t\u00e4glich weitere Opfer fordert &#8211; insbesondere unter Kindern, die am verletzlichsten sind\u201c, erkl\u00e4rte der fr\u00fchere bayerische Landesbischof. Jeder politische Schritt in dieser Situation k\u00f6nne nur ein Ziel haben: \u201eDas furchtbare Leiden auf allen Seiten muss beendet werden.\u201c<\/p>\n<p>Fehrs betonte die Bedeutung der \u00f6kumenischen Bewegung: \u201eGerade in Zeiten globaler Krisen brauchen wir internationale und \u00f6kumenische Organisationen wie den \u00d6RK mehr denn je. Nur im gemeinsamen Handeln k\u00f6nnen wir den Herausforderungen der Klimakrise, des Rassismus und der weltweit eskalierenden Gewalt und Kriege wirksam begegnen.\u201c<\/p>\n<p>Der dreit\u00e4gige Austausch zwischen der EKD-Delegation und der \u00d6RK-Leitung hatte am Montag begonnen. Er konzentrierte sich den Angaben zufolge auf die Vertiefung der \u00f6kumenischen Zusammenarbeit in Fragen wie Frieden, Sicherheit und Bildung. Daran hatten neben den Bisch\u00f6fen Fehrs und Bedford-Strohm auch der \u00d6RK-Generalsekret\u00e4r, der s\u00fcdafrikanische Theologe Jerry Pillay, und der EKD-Auslandsbischof Frank Kopania teilgenommen.<\/p>\n<p>Die EKD hatte 2024 umgerechnet mehr als 880.000 Euro an den \u00d6RK gezahlt. Sie geh\u00f6rt damit unter den Mitgliedskirchen zu den gr\u00f6\u00dften Geldgebern des Dachverbandes.<\/p>\n<\/p><\/div>\n","protected":false},"excerpt":{"rendered":"<p>Der fr\u00fchere EKD-Ratsvorsitzende und derzeitige Moderator des \u00d6RK-Zentralkomitees, Heinrich Bedford-Strohm, r\u00e4umte laut EKD und \u00d6RK ein, dass es unterschiedliche Auffassungen<\/p>\n","protected":false},"author":2,"featured_media":0,"comment_status":"closed","ping_status":"closed","sticky":false,"template":"","format":"standard","meta":{"footnotes":""},"categories":[20],"tags":[],"_links":{"self":[{"href":"https:\/\/krankenhauspfarramt.de\/index.php\/wp-json\/wp\/v2\/posts\/8476"}],"collection":[{"href":"https:\/\/krankenhauspfarramt.de\/index.php\/wp-json\/wp\/v2\/posts"}],"about":[{"href":"https:\/\/krankenhauspfarramt.de\/index.php\/wp-json\/wp\/v2\/types\/post"}],"author":[{"embeddable":true,"href":"https:\/\/krankenhauspfarramt.de\/index.php\/wp-json\/wp\/v2\/users\/2"}],"replies":[{"embeddable":true,"href":"https:\/\/krankenhauspfarramt.de\/index.php\/wp-json\/wp\/v2\/comments?post=8476"}],"version-history":[{"count":0,"href":"https:\/\/krankenhauspfarramt.de\/index.php\/wp-json\/wp\/v2\/posts\/8476\/revisions"}],"wp:attachment":[{"href":"https:\/\/krankenhauspfarramt.de\/index.php\/wp-json\/wp\/v2\/media?parent=8476"}],"wp:term":[{"taxonomy":"category","embeddable":true,"href":"https:\/\/krankenhauspfarramt.de\/index.php\/wp-json\/wp\/v2\/categories?post=8476"},{"taxonomy":"post_tag","embeddable":true,"href":"https:\/\/krankenhauspfarramt.de\/index.php\/wp-json\/wp\/v2\/tags?post=8476"}],"curies":[{"name":"wp","href":"https:\/\/api.w.org\/{rel}","templated":true}]}}