{"id":8482,"date":"2025-08-13T10:16:51","date_gmt":"2025-08-13T10:16:51","guid":{"rendered":"https:\/\/krankenhauspfarramt.de\/index.php\/2025\/08\/13\/neue-raeume-fuer-kunst-protest-und-digitale-bildung-ekd\/"},"modified":"2025-08-13T10:16:55","modified_gmt":"2025-08-13T10:16:55","slug":"neue-raeume-fuer-kunst-protest-und-digitale-bildung-ekd","status":"publish","type":"post","link":"https:\/\/krankenhauspfarramt.de\/index.php\/2025\/08\/13\/neue-raeume-fuer-kunst-protest-und-digitale-bildung-ekd\/","title":{"rendered":"Neue R\u00e4ume f\u00fcr Kunst, Protest und digitale Bildung \u2013 EKD"},"content":{"rendered":"<p> <br \/>\n<\/p>\n<div>\n<p>Mit dem Projekt \u201eDrachenkopf\u201c erschafft das <em data-end=\"403\" data-start=\"386\">GeyserHaus e.V.<\/em> in Leipzig eine begehbare interaktive Kunstinstallation, die sowohl physischen als auch digitalen Raum f\u00fcr Teilhabe, Protest und k\u00fcnstlerische Praxis bietet. Im Mittelpunkt steht ein sieben Meter hoher Drachenkopf aus Holz, der von Jugendlichen im Rahmen von Bildungsangeboten mitgestaltet wird. Das Innere wird mit digitalen Medien bespielt \u2013 etwa durch Projektionen, Sounds und Webanbindung \u2013 und dient gleichzeitig als B\u00fchne, R\u00fcckzugsort und Diskursraum. \u00dcber digitale Interfaces soll der Drachenkopf zudem mit anderen Initiativen vernetzt und f\u00fcr gemeinschaftliches Engagement genutzt werden.<\/p>\n<\/p><\/div>\n<div id=\"\">\n<p>Das Projekt verbindet kulturelle Bildung mit gesellschaftlichem Empowerment und reflektiert Macht, Gewalt, Utopien und Widerstand durch k\u00fcnstlerisch-digitale Mittel. Zielgruppe sind insbesondere junge Menschen in herausfordernden Lebenslagen, die \u00fcber kreative Ausdrucksformen aktiviert und in Diskurse eingebunden werden.<\/p>\n<p>Gef\u00f6rdert wird das Projekt mit 94.753 Euro aus dem Digitalinnovationsfonds.<\/p>\n<\/div>\n","protected":false},"excerpt":{"rendered":"<p>Mit dem Projekt \u201eDrachenkopf\u201c erschafft das GeyserHaus e.V. in Leipzig eine begehbare interaktive Kunstinstallation, die sowohl physischen als auch digitalen<\/p>\n","protected":false},"author":2,"featured_media":8483,"comment_status":"closed","ping_status":"closed","sticky":false,"template":"","format":"standard","meta":{"footnotes":""},"categories":[20],"tags":[],"_links":{"self":[{"href":"https:\/\/krankenhauspfarramt.de\/index.php\/wp-json\/wp\/v2\/posts\/8482"}],"collection":[{"href":"https:\/\/krankenhauspfarramt.de\/index.php\/wp-json\/wp\/v2\/posts"}],"about":[{"href":"https:\/\/krankenhauspfarramt.de\/index.php\/wp-json\/wp\/v2\/types\/post"}],"author":[{"embeddable":true,"href":"https:\/\/krankenhauspfarramt.de\/index.php\/wp-json\/wp\/v2\/users\/2"}],"replies":[{"embeddable":true,"href":"https:\/\/krankenhauspfarramt.de\/index.php\/wp-json\/wp\/v2\/comments?post=8482"}],"version-history":[{"count":1,"href":"https:\/\/krankenhauspfarramt.de\/index.php\/wp-json\/wp\/v2\/posts\/8482\/revisions"}],"predecessor-version":[{"id":8484,"href":"https:\/\/krankenhauspfarramt.de\/index.php\/wp-json\/wp\/v2\/posts\/8482\/revisions\/8484"}],"wp:featuredmedia":[{"embeddable":true,"href":"https:\/\/krankenhauspfarramt.de\/index.php\/wp-json\/wp\/v2\/media\/8483"}],"wp:attachment":[{"href":"https:\/\/krankenhauspfarramt.de\/index.php\/wp-json\/wp\/v2\/media?parent=8482"}],"wp:term":[{"taxonomy":"category","embeddable":true,"href":"https:\/\/krankenhauspfarramt.de\/index.php\/wp-json\/wp\/v2\/categories?post=8482"},{"taxonomy":"post_tag","embeddable":true,"href":"https:\/\/krankenhauspfarramt.de\/index.php\/wp-json\/wp\/v2\/tags?post=8482"}],"curies":[{"name":"wp","href":"https:\/\/api.w.org\/{rel}","templated":true}]}}