{"id":8488,"date":"2025-08-13T14:18:57","date_gmt":"2025-08-13T14:18:57","guid":{"rendered":"https:\/\/krankenhauspfarramt.de\/index.php\/2025\/08\/13\/evangelische-ohrientierung-ethisch-unterwegs-im-gespraech-ekd\/"},"modified":"2025-08-13T14:18:59","modified_gmt":"2025-08-13T14:18:59","slug":"evangelische-ohrientierung-ethisch-unterwegs-im-gespraech-ekd","status":"publish","type":"post","link":"https:\/\/krankenhauspfarramt.de\/index.php\/2025\/08\/13\/evangelische-ohrientierung-ethisch-unterwegs-im-gespraech-ekd\/","title":{"rendered":"Evangelische O(h)rientierung \u2013 Ethisch unterwegs im Gespr\u00e4ch \u2013 EKD"},"content":{"rendered":"<p> <br \/>\n<\/p>\n<div>\n<p>In einer digitalisierten Welt, in der gesellschaftliche Debatten oft polarisiert gef\u00fchrt werden, bietet der Evangelische Bund Hessen Orientierung mit einem neuen Podcast-Format. \u201eEvangelische O(h)rientierung\u201c macht ethische Grundfragen zug\u00e4nglich \u2013 und gibt kirchlich Engagierten Werkzeuge an die Hand, um evangelische Standpunkte \u00fcberzeugend zu vertreten.<\/p>\n<\/p><\/div>\n<div id=\"\">\n<p>In f\u00fcnf Episoden kommen theologische Fachpersonen mit Expertinnen und Experten ins Gespr\u00e4ch \u2013 zu Themen wie Gender, Besitzethik, Klimaschutz, Migration oder ethisches Handeln allgemein. Der Fokus liegt auf praktischer Argumentationshilfe f\u00fcr Verantwortliche in Kirchengemeinden und andere aktive Gemeindemitglieder \u2013 nicht im akademischen Elfenbeinturm, sondern mitten im Alltag: am Arbeitsplatz, im Familienkreis oder in digitalen R\u00e4umen. Ziel ist es, Sprachf\u00e4higkeit im Glauben zu f\u00f6rdern und eine lebendige Diskussionskultur aus evangelischer Perspektive zu st\u00e4rken.<\/p>\n<p>Gef\u00f6rdert wird das Projekt mit 2.000 Euro aus dem Digitalinnovationsfonds.<\/p>\n<\/div>\n","protected":false},"excerpt":{"rendered":"<p>In einer digitalisierten Welt, in der gesellschaftliche Debatten oft polarisiert gef\u00fchrt werden, bietet der Evangelische Bund Hessen Orientierung mit einem<\/p>\n","protected":false},"author":2,"featured_media":8489,"comment_status":"closed","ping_status":"closed","sticky":false,"template":"","format":"standard","meta":{"footnotes":""},"categories":[20],"tags":[],"_links":{"self":[{"href":"https:\/\/krankenhauspfarramt.de\/index.php\/wp-json\/wp\/v2\/posts\/8488"}],"collection":[{"href":"https:\/\/krankenhauspfarramt.de\/index.php\/wp-json\/wp\/v2\/posts"}],"about":[{"href":"https:\/\/krankenhauspfarramt.de\/index.php\/wp-json\/wp\/v2\/types\/post"}],"author":[{"embeddable":true,"href":"https:\/\/krankenhauspfarramt.de\/index.php\/wp-json\/wp\/v2\/users\/2"}],"replies":[{"embeddable":true,"href":"https:\/\/krankenhauspfarramt.de\/index.php\/wp-json\/wp\/v2\/comments?post=8488"}],"version-history":[{"count":1,"href":"https:\/\/krankenhauspfarramt.de\/index.php\/wp-json\/wp\/v2\/posts\/8488\/revisions"}],"predecessor-version":[{"id":8490,"href":"https:\/\/krankenhauspfarramt.de\/index.php\/wp-json\/wp\/v2\/posts\/8488\/revisions\/8490"}],"wp:featuredmedia":[{"embeddable":true,"href":"https:\/\/krankenhauspfarramt.de\/index.php\/wp-json\/wp\/v2\/media\/8489"}],"wp:attachment":[{"href":"https:\/\/krankenhauspfarramt.de\/index.php\/wp-json\/wp\/v2\/media?parent=8488"}],"wp:term":[{"taxonomy":"category","embeddable":true,"href":"https:\/\/krankenhauspfarramt.de\/index.php\/wp-json\/wp\/v2\/categories?post=8488"},{"taxonomy":"post_tag","embeddable":true,"href":"https:\/\/krankenhauspfarramt.de\/index.php\/wp-json\/wp\/v2\/tags?post=8488"}],"curies":[{"name":"wp","href":"https:\/\/api.w.org\/{rel}","templated":true}]}}