{"id":8497,"date":"2025-08-14T02:25:22","date_gmt":"2025-08-14T02:25:22","guid":{"rendered":"https:\/\/krankenhauspfarramt.de\/index.php\/2025\/08\/14\/online-predigtwerkstatt-fuer-ehrenamtliche-ekd\/"},"modified":"2025-08-14T02:25:25","modified_gmt":"2025-08-14T02:25:25","slug":"online-predigtwerkstatt-fuer-ehrenamtliche-ekd","status":"publish","type":"post","link":"https:\/\/krankenhauspfarramt.de\/index.php\/2025\/08\/14\/online-predigtwerkstatt-fuer-ehrenamtliche-ekd\/","title":{"rendered":"Online-Predigtwerkstatt f\u00fcr Ehrenamtliche \u2013 EKD"},"content":{"rendered":"<p> <br \/>\n<\/p>\n<div>\n<p data-end=\"1059\" data-start=\"243\">Die Zahl an Pfarrern und hauptamtlichen Mitarbeitenden geht rasant zur\u00fcck \u2013 die L\u00fccken f\u00fcllen immer h\u00e4ufiger Ehrenamtliche. Doch wer \u00fcbernimmt das Predigen? Die Predigtwerkstatt der IHL ist ein YouTube-Format f\u00fcr alle, die ohne theologische Ausbildung im Verk\u00fcndigungsdienst stehen oder sich darauf vorbereiten. In kompakten Videofolgen vermittelt Prof. Dr. Christoph Schrodt theologische Grundlagen, praktische Hilfen und geistliche Orientierung. Ein zentrales Bild dabei ist das \u201ePredigtauto\u201c \u2013 ein anschauliches Modell, mit dem der Aufbau und die Dynamik einer Predigt greifbar gemacht werden. Die Einheiten setzen thematische Schwerpunkte \u2013 etwa zu Jugendgottesdiensten, Kurzandachten oder Trauersituationen \u2013 und greifen neben theologischen Basics auch aktuelle Themen wie z.\u202fB. KI in der Predigtgestaltung auf.<\/p>\n<\/p><\/div>\n<div id=\"\">\n<p>Mit dem Online-Format soll insbesondere das Selbststudium unterst\u00fctzt werden \u2013 niedrigschwellig, flexibel und abgestimmt auf verschiedene Gemeindekontexte aus landeskirchlichem, pietistischem und freikirchlichem Umfeld. Zuschauende erhalten zus\u00e4tzlich die M\u00f6glichkeit, R\u00fcckfragen zu stellen, auf die in sp\u00e4teren Videos eingegangen wird. Das Ziel: motivieren, ausr\u00fcsten und begleiten \u2013 verst\u00e4ndlich, praxisnah und konfessions\u00fcbergreifend. Ob Andacht oder Predigt, ob frei gehalten oder abgelesen: Die Predigtwerkstatt gibt Impulse f\u00fcr alle, die Gottes Wort verst\u00e4ndlich, relevant und glaubw\u00fcrdig weitergeben wollen.<\/p>\n<p>Gef\u00f6rdert wird das Projekt mit 10.863 Euro aus dem Digitalinnovationsfonds.<\/p>\n<\/div>\n","protected":false},"excerpt":{"rendered":"<p>Die Zahl an Pfarrern und hauptamtlichen Mitarbeitenden geht rasant zur\u00fcck \u2013 die L\u00fccken f\u00fcllen immer h\u00e4ufiger Ehrenamtliche. Doch wer \u00fcbernimmt<\/p>\n","protected":false},"author":2,"featured_media":8498,"comment_status":"closed","ping_status":"closed","sticky":false,"template":"","format":"standard","meta":{"footnotes":""},"categories":[20],"tags":[],"_links":{"self":[{"href":"https:\/\/krankenhauspfarramt.de\/index.php\/wp-json\/wp\/v2\/posts\/8497"}],"collection":[{"href":"https:\/\/krankenhauspfarramt.de\/index.php\/wp-json\/wp\/v2\/posts"}],"about":[{"href":"https:\/\/krankenhauspfarramt.de\/index.php\/wp-json\/wp\/v2\/types\/post"}],"author":[{"embeddable":true,"href":"https:\/\/krankenhauspfarramt.de\/index.php\/wp-json\/wp\/v2\/users\/2"}],"replies":[{"embeddable":true,"href":"https:\/\/krankenhauspfarramt.de\/index.php\/wp-json\/wp\/v2\/comments?post=8497"}],"version-history":[{"count":1,"href":"https:\/\/krankenhauspfarramt.de\/index.php\/wp-json\/wp\/v2\/posts\/8497\/revisions"}],"predecessor-version":[{"id":8499,"href":"https:\/\/krankenhauspfarramt.de\/index.php\/wp-json\/wp\/v2\/posts\/8497\/revisions\/8499"}],"wp:featuredmedia":[{"embeddable":true,"href":"https:\/\/krankenhauspfarramt.de\/index.php\/wp-json\/wp\/v2\/media\/8498"}],"wp:attachment":[{"href":"https:\/\/krankenhauspfarramt.de\/index.php\/wp-json\/wp\/v2\/media?parent=8497"}],"wp:term":[{"taxonomy":"category","embeddable":true,"href":"https:\/\/krankenhauspfarramt.de\/index.php\/wp-json\/wp\/v2\/categories?post=8497"},{"taxonomy":"post_tag","embeddable":true,"href":"https:\/\/krankenhauspfarramt.de\/index.php\/wp-json\/wp\/v2\/tags?post=8497"}],"curies":[{"name":"wp","href":"https:\/\/api.w.org\/{rel}","templated":true}]}}