{"id":8500,"date":"2025-08-14T14:28:30","date_gmt":"2025-08-14T14:28:30","guid":{"rendered":"https:\/\/krankenhauspfarramt.de\/index.php\/2025\/08\/14\/ueber-13-millionen-euro-fuer-kirchtuerme-und-dorfkirchen-ekd\/"},"modified":"2025-08-14T14:28:34","modified_gmt":"2025-08-14T14:28:34","slug":"ueber-13-millionen-euro-fuer-kirchtuerme-und-dorfkirchen-ekd","status":"publish","type":"post","link":"https:\/\/krankenhauspfarramt.de\/index.php\/2025\/08\/14\/ueber-13-millionen-euro-fuer-kirchtuerme-und-dorfkirchen-ekd\/","title":{"rendered":"\u00dcber 1,3 Millionen Euro f\u00fcr Kircht\u00fcrme und Dorfkirchen \u2013 EKD"},"content":{"rendered":"<p> <br \/>\n<\/p>\n<div id=\"\">\n<p>Hannover (epd). Die Stiftung zur Bewahrung kirchlicher Baudenkm\u00e4ler in Deutschland (KiBa) hat im vergangenen Jahr 103 Sanierungsprojekte mit insgesamt rund 1,3 Millionen Euro gef\u00f6rdert. \u201eAus der Not zur\u00fcckgehender Finanzmittel entwickeln sich zum Teil kraftvolle Ideen f\u00fcr den Umgang mit den wundersch\u00f6nen Kirchenbauten in unseren D\u00f6rfern und St\u00e4dten\u201c, schreibt der hannoversche Landesbischof und KiBa-Vorstandsvorsitzende Ralf Meister in seinem Vorwort zu dem am Mittwoch in Hannover ver\u00f6ffentlichten Jahresbericht.<\/p>\n<p>Beispielhaft f\u00fcr eine Sanierung ist laut KiBa die Dorfkirche im s\u00e4chsischen Selben, die 2024 den Wettbewerb zur \u201eKirche des Jahres\u201c f\u00fcr sich entschieden hat. Das Gotteshaus stammt aus dem Sp\u00e4tmittelalter und geh\u00f6rt zu den \u00e4ltesten Kirchen in Nordsachsen. \u201eIch bin dankbar f\u00fcr die Gemeinschaft der Spender und Stifter, die sich unter dem Dach der Stiftung KiBa zusammenfindet, gemeinsam mit den vielen Gemeinden im Land, die ihre Kirchenbauten erhalten und vielseitig nutzen m\u00f6chten\u201c, f\u00fcgte Landesbischof Meister hinzu.<\/p>\n<\/div>\n<div id=\"\">\n    <!-- Test for teaser --><br \/>\n    <!--Val: 1 --><\/p>\n<p>                    \t    <!-- SRC:  --><\/p>\n<aside class=\"article--aside quintus teaser teaser__related rs_skip rs_preserve\">\n<div class=\"teaser--article teaser--content\">\n<figure class=\"teaser--image\">\n                                                    <picture><source media=\"(max-width:935px)\" srcset=\"https:\/\/www.ekd.de\/ekd_de\/ds_img\/assets_1875_x\/dorkriche-selben-kiba-teaser_rdax_625x352_60s.jpg 1x, https:\/\/www.ekd.de\/ekd_de\/ds_img\/assets_1875_x\/dorkriche-selben-kiba-teaser_rdax_1250x704_60s.jpg 2x, https:\/\/www.ekd.de\/ekd_de\/ds_img\/assets_1875_x\/dorkriche-selben-kiba-teaser_rdax_60s.jpg 3x\"><source media=\"(min-width:934px)\" srcset=\"https:\/\/www.ekd.de\/ekd_de\/ds_img\/assets_1875_x\/dorkriche-selben-kiba-teaser_rdax_360x203_70s.jpg 1x, https:\/\/www.ekd.de\/ekd_de\/ds_img\/assets_1875_x\/dorkriche-selben-kiba-teaser_rdax_720x406_70s.jpg 2x, https:\/\/www.ekd.de\/ekd_de\/ds_img\/assets_1875_x\/dorkriche-selben-kiba-teaser_rdax_1080x608_70s.jpg 3x\"><\/source><\/source><\/picture><figcaption\/>\n                                                <\/figure>\n<p class=\"quintus--text teaser--text\">Kirchengeb\u00e4ude sind nicht tote Steine oder starre Denkm\u00e4ler, sondern lebendige R\u00e4ume der Gemeinschaft, die \u00fcber Generationen hinweg Verbindungen schaffen.<\/p>\n<\/p><\/div>\n<\/aside>\n<div class=\"article--content\">\n<p>Die Stiftung der Evangelischen Kirche in Deutschland (EKD) und der evangelischen Landeskirchen hat nach eigenen Angaben seit 1999 Zusagen f\u00fcr Sanierungsvorhaben in H\u00f6he von mehr als 40 Millionen Euro erteilt. F\u00fcr dieses Jahr habe die Stiftung KiBa bislang F\u00f6rderzusagen von 1,18 Millionen Euro vorgesehen. Rund 3.600 Mitglieder engagierten sich bundesweit im F\u00f6rderverein der Stiftung KiBa.<\/p>\n<\/p><\/div>\n<\/div>\n","protected":false},"excerpt":{"rendered":"<p>Hannover (epd). Die Stiftung zur Bewahrung kirchlicher Baudenkm\u00e4ler in Deutschland (KiBa) hat im vergangenen Jahr 103 Sanierungsprojekte mit insgesamt rund<\/p>\n","protected":false},"author":2,"featured_media":8501,"comment_status":"closed","ping_status":"closed","sticky":false,"template":"","format":"standard","meta":{"footnotes":""},"categories":[20],"tags":[],"_links":{"self":[{"href":"https:\/\/krankenhauspfarramt.de\/index.php\/wp-json\/wp\/v2\/posts\/8500"}],"collection":[{"href":"https:\/\/krankenhauspfarramt.de\/index.php\/wp-json\/wp\/v2\/posts"}],"about":[{"href":"https:\/\/krankenhauspfarramt.de\/index.php\/wp-json\/wp\/v2\/types\/post"}],"author":[{"embeddable":true,"href":"https:\/\/krankenhauspfarramt.de\/index.php\/wp-json\/wp\/v2\/users\/2"}],"replies":[{"embeddable":true,"href":"https:\/\/krankenhauspfarramt.de\/index.php\/wp-json\/wp\/v2\/comments?post=8500"}],"version-history":[{"count":1,"href":"https:\/\/krankenhauspfarramt.de\/index.php\/wp-json\/wp\/v2\/posts\/8500\/revisions"}],"predecessor-version":[{"id":8502,"href":"https:\/\/krankenhauspfarramt.de\/index.php\/wp-json\/wp\/v2\/posts\/8500\/revisions\/8502"}],"wp:featuredmedia":[{"embeddable":true,"href":"https:\/\/krankenhauspfarramt.de\/index.php\/wp-json\/wp\/v2\/media\/8501"}],"wp:attachment":[{"href":"https:\/\/krankenhauspfarramt.de\/index.php\/wp-json\/wp\/v2\/media?parent=8500"}],"wp:term":[{"taxonomy":"category","embeddable":true,"href":"https:\/\/krankenhauspfarramt.de\/index.php\/wp-json\/wp\/v2\/categories?post=8500"},{"taxonomy":"post_tag","embeddable":true,"href":"https:\/\/krankenhauspfarramt.de\/index.php\/wp-json\/wp\/v2\/tags?post=8500"}],"curies":[{"name":"wp","href":"https:\/\/api.w.org\/{rel}","templated":true}]}}