{"id":8506,"date":"2025-08-19T07:21:01","date_gmt":"2025-08-19T07:21:01","guid":{"rendered":"https:\/\/krankenhauspfarramt.de\/index.php\/2025\/08\/19\/ki-predigten-oft-theologisch-bedenklich-ekd\/"},"modified":"2025-08-19T07:21:02","modified_gmt":"2025-08-19T07:21:02","slug":"ki-predigten-oft-theologisch-bedenklich-ekd","status":"publish","type":"post","link":"https:\/\/krankenhauspfarramt.de\/index.php\/2025\/08\/19\/ki-predigten-oft-theologisch-bedenklich-ekd\/","title":{"rendered":"KI-Predigten oft theologisch bedenklich \u2013 EKD"},"content":{"rendered":"<p> <br \/>\n<\/p>\n<div>\n<p>Laut Volkmann zeichnen sich KI-Predigten dadurch aus, dass sie \u201eviele Fundst\u00fccke zum Bibeltext mehr oder weniger beliebig und ohne inneren Bezug aneinanderreihen\u201c. Gedanken w\u00fcrden nicht zu Ende gef\u00fchrt. Zudem f\u00e4nden sich zahlreiche sachliche Fehler. So habe die KI in einem Test ein zentrales Prinzip der Reformation verwechselt. Volkmann berichtet auch von theologisch bedenklichen Inhalten und sogar von Antijudaismen, die widerspr\u00fcchlich neben wertsch\u00e4tzenden Aussagen \u00fcber das Judentum standen. Dies zeige, dass die Technologie keine logischen Zusammenh\u00e4nge herstellen k\u00f6nne.<\/p>\n<p>Trotz der Risiken sieht Volkmann Anwendungsm\u00f6glichkeiten. Erfahrene Pfarrerinnen und Pfarrer k\u00f6nnten die KI nutzen, um aus einer fertigen Gliederung einen Text auszuformulieren oder die eigene Predigt sprachlich zu \u00fcberarbeiten, damit sie besser f\u00fcr die Zielgruppe passt. Ihr Fazit: \u201eWer das Predigen beherrscht, kann KI als Hilfsmittel verwenden.\u201c Im Pfarramt wird die Technologie laut Volkmann bereits f\u00fcr andere Aufgaben eingesetzt, etwa um Gebete zu erstellen &#8211; oft mit zufriedenstellenden Ergebnissen.<\/p>\n<\/p><\/div>\n","protected":false},"excerpt":{"rendered":"<p>Laut Volkmann zeichnen sich KI-Predigten dadurch aus, dass sie \u201eviele Fundst\u00fccke zum Bibeltext mehr oder weniger beliebig und ohne inneren<\/p>\n","protected":false},"author":2,"featured_media":8507,"comment_status":"closed","ping_status":"closed","sticky":false,"template":"","format":"standard","meta":{"footnotes":""},"categories":[20],"tags":[],"_links":{"self":[{"href":"https:\/\/krankenhauspfarramt.de\/index.php\/wp-json\/wp\/v2\/posts\/8506"}],"collection":[{"href":"https:\/\/krankenhauspfarramt.de\/index.php\/wp-json\/wp\/v2\/posts"}],"about":[{"href":"https:\/\/krankenhauspfarramt.de\/index.php\/wp-json\/wp\/v2\/types\/post"}],"author":[{"embeddable":true,"href":"https:\/\/krankenhauspfarramt.de\/index.php\/wp-json\/wp\/v2\/users\/2"}],"replies":[{"embeddable":true,"href":"https:\/\/krankenhauspfarramt.de\/index.php\/wp-json\/wp\/v2\/comments?post=8506"}],"version-history":[{"count":1,"href":"https:\/\/krankenhauspfarramt.de\/index.php\/wp-json\/wp\/v2\/posts\/8506\/revisions"}],"predecessor-version":[{"id":8508,"href":"https:\/\/krankenhauspfarramt.de\/index.php\/wp-json\/wp\/v2\/posts\/8506\/revisions\/8508"}],"wp:featuredmedia":[{"embeddable":true,"href":"https:\/\/krankenhauspfarramt.de\/index.php\/wp-json\/wp\/v2\/media\/8507"}],"wp:attachment":[{"href":"https:\/\/krankenhauspfarramt.de\/index.php\/wp-json\/wp\/v2\/media?parent=8506"}],"wp:term":[{"taxonomy":"category","embeddable":true,"href":"https:\/\/krankenhauspfarramt.de\/index.php\/wp-json\/wp\/v2\/categories?post=8506"},{"taxonomy":"post_tag","embeddable":true,"href":"https:\/\/krankenhauspfarramt.de\/index.php\/wp-json\/wp\/v2\/tags?post=8506"}],"curies":[{"name":"wp","href":"https:\/\/api.w.org\/{rel}","templated":true}]}}