{"id":8509,"date":"2025-08-20T11:35:10","date_gmt":"2025-08-20T11:35:10","guid":{"rendered":"https:\/\/krankenhauspfarramt.de\/index.php\/2025\/08\/20\/datenschutzkonforme-anmeldung-fuer-kirchliche-kinder-und-jugendfreizeiten-ekd\/"},"modified":"2025-08-20T11:35:12","modified_gmt":"2025-08-20T11:35:12","slug":"datenschutzkonforme-anmeldung-fuer-kirchliche-kinder-und-jugendfreizeiten-ekd","status":"publish","type":"post","link":"https:\/\/krankenhauspfarramt.de\/index.php\/2025\/08\/20\/datenschutzkonforme-anmeldung-fuer-kirchliche-kinder-und-jugendfreizeiten-ekd\/","title":{"rendered":"Datenschutzkonforme Anmeldung f\u00fcr kirchliche Kinder- und Jugendfreizeiten \u2013 EKD"},"content":{"rendered":"<p> <br \/>\n<\/p>\n<div id=\"\">\n        <!-- RSPEAK_START --><\/p>\n<header class=\"large-10 columns article--header\">\n<\/header>\n<div class=\"large-8 columns large-offset-1 \">\n<p data-end=\"966\" data-start=\"254\">Das Evangelische Jugendwerk in W\u00fcrttemberg entwickelt mit <em data-end=\"337\" data-start=\"312\">freizeitpass-digital.de<\/em> ein digitales Werkzeug, das die Anmeldung und Organisation von kirchlichen Kinder- und Jugendfreizeiten vollst\u00e4ndig digitalisiert. Dabei werden zentrale Informationen wie medizinische Hinweise, Einverst\u00e4ndniserkl\u00e4rungen oder Notfallkontakte rechtssicher und datenschutzkonform digital erfasst. Eine Webanwendung erm\u00f6glicht es Teamenden, relevante Daten mobil und sicher abzurufen. Erg\u00e4nzend werden Schnittstellen zu bestehenden Anmeldesystemen sowie ein Rechte- und L\u00f6schkonzept implementiert. Das Projekt wird in einem Pilotjahr in 20 Freizeiten erprobt und soll bis 2025 deutschlandweit mindestens 100 Abonnent*innen gewinnen.<\/p>\n<p data-end=\"1065\" data-start=\"968\">Das Projekt ist ein wichtiger Baustein f\u00fcr die digitale Infrastruktur kirchlicher Freizeitarbeit.<\/p>\n<p data-end=\"1065\" data-start=\"968\">Gef\u00f6rdert mit 100.000\u202f\u20ac aus dem Digitalinnovationsfonds.<\/p>\n<\/p><\/div>\n<section class=\"large-10 large-offset-1 columns article--section\">\n<figure class=\"article--image image\">\n                                    <picture><source srcset=\"https:\/\/www.ekd.de\/ekd_de\/ds_img\/assets_2835_x\/Evangelische%20Kirche%20in%20Mitteldeutschland%20(EKM)(1)_rdax_945x532.png 1x, https:\/\/www.ekd.de\/ekd_de\/ds_img\/assets_2835_x\/Evangelische%20Kirche%20in%20Mitteldeutschland%20(EKM)(1)_rdax_1890x1064.png 2x, https:\/\/www.ekd.de\/ekd_de\/ds_img\/assets_2835_x\/Evangelische%20Kirche%20in%20Mitteldeutschland%20(EKM)(1).png 3x\"><\/source><\/picture><figcaption class=\"image--caption\"\/>\n                                  <\/figure>\n<\/section>\n<p>        <!-- RSPEAK_STOP --><\/p>\n<footer class=\"article--footer\">\n<\/footer><\/div>\n","protected":false},"excerpt":{"rendered":"<p>Das Evangelische Jugendwerk in W\u00fcrttemberg entwickelt mit freizeitpass-digital.de ein digitales Werkzeug, das die Anmeldung und Organisation von kirchlichen Kinder- und<\/p>\n","protected":false},"author":2,"featured_media":8510,"comment_status":"closed","ping_status":"closed","sticky":false,"template":"","format":"standard","meta":{"footnotes":""},"categories":[20],"tags":[],"_links":{"self":[{"href":"https:\/\/krankenhauspfarramt.de\/index.php\/wp-json\/wp\/v2\/posts\/8509"}],"collection":[{"href":"https:\/\/krankenhauspfarramt.de\/index.php\/wp-json\/wp\/v2\/posts"}],"about":[{"href":"https:\/\/krankenhauspfarramt.de\/index.php\/wp-json\/wp\/v2\/types\/post"}],"author":[{"embeddable":true,"href":"https:\/\/krankenhauspfarramt.de\/index.php\/wp-json\/wp\/v2\/users\/2"}],"replies":[{"embeddable":true,"href":"https:\/\/krankenhauspfarramt.de\/index.php\/wp-json\/wp\/v2\/comments?post=8509"}],"version-history":[{"count":1,"href":"https:\/\/krankenhauspfarramt.de\/index.php\/wp-json\/wp\/v2\/posts\/8509\/revisions"}],"predecessor-version":[{"id":8511,"href":"https:\/\/krankenhauspfarramt.de\/index.php\/wp-json\/wp\/v2\/posts\/8509\/revisions\/8511"}],"wp:featuredmedia":[{"embeddable":true,"href":"https:\/\/krankenhauspfarramt.de\/index.php\/wp-json\/wp\/v2\/media\/8510"}],"wp:attachment":[{"href":"https:\/\/krankenhauspfarramt.de\/index.php\/wp-json\/wp\/v2\/media?parent=8509"}],"wp:term":[{"taxonomy":"category","embeddable":true,"href":"https:\/\/krankenhauspfarramt.de\/index.php\/wp-json\/wp\/v2\/categories?post=8509"},{"taxonomy":"post_tag","embeddable":true,"href":"https:\/\/krankenhauspfarramt.de\/index.php\/wp-json\/wp\/v2\/tags?post=8509"}],"curies":[{"name":"wp","href":"https:\/\/api.w.org\/{rel}","templated":true}]}}