{"id":8512,"date":"2025-08-20T15:37:22","date_gmt":"2025-08-20T15:37:22","guid":{"rendered":"https:\/\/krankenhauspfarramt.de\/index.php\/2025\/08\/20\/schoepfung-ki-stipendienprogramm-fuer-ein-digitales-kunstfestival-ekd\/"},"modified":"2025-08-20T15:37:24","modified_gmt":"2025-08-20T15:37:24","slug":"schoepfung-ki-stipendienprogramm-fuer-ein-digitales-kunstfestival-ekd","status":"publish","type":"post","link":"https:\/\/krankenhauspfarramt.de\/index.php\/2025\/08\/20\/schoepfung-ki-stipendienprogramm-fuer-ein-digitales-kunstfestival-ekd\/","title":{"rendered":"Sch\u00f6pfung &#038; KI \u2013 Stipendienprogramm f\u00fcr ein digitales Kunstfestival \u2013 EKD"},"content":{"rendered":"<p> <br \/>\n<\/p>\n<div id=\"\">\n        <!-- RSPEAK_START --><\/p>\n<header class=\"large-10 columns article--header\">\n<h2 class=\"article--sub-headline primus--sub-headline\">Digitale Kunst, theologische Reflexion und soziale Medien im Dialog<\/h2>\n<\/header>\n<div class=\"large-8 columns large-offset-1 \">\n<p data-end=\"1013\" data-start=\"340\">Im Zentrum dieses Projekts steht die Verbindung von Sch\u00f6pfungstheologie und k\u00fcnstlicher Intelligenz \u2013 k\u00fcnstlerisch, digital und diskursiv. \u00dcber ein Stipendienprogramm werden Kreative eingeladen, digitale Kunstwerke zu entwickeln, die sich mit Fragen nach Sinn, Zukunft und Verantwortung im digitalen Zeitalter auseinandersetzen. Die entstandenen Werke werden online \u00fcber Influencende des evangelischen Netzwerks YEET sowie Plattformen wie evangelisch.de verbreitet und in einem analogen Abschlussfestival in Rostock \u00f6ffentlich pr\u00e4sentiert. Kooperationspartner:innen sind unter anderem das Kulturb\u00fcro der EKD, die Kulturstiftung der L\u00e4nder und Kulturhimmel der Nordkirche.<\/p>\n<p data-end=\"1071\" data-start=\"1015\">Gef\u00f6rdert mit 100.000\u202f\u20ac aus dem Digitalinnovationsfonds.<\/p>\n<\/p><\/div>\n<section class=\"large-10 large-offset-1 columns article--section\">\n<figure class=\"article--image image\">\n                                    <picture><source srcset=\"https:\/\/www.ekd.de\/ekd_de\/ds_img\/assets_2835_x\/UnsplashJoshua%20Sortina_rdax_945x532.png 1x, https:\/\/www.ekd.de\/ekd_de\/ds_img\/assets_2835_x\/UnsplashJoshua%20Sortina_rdax_1890x1064.png 2x, https:\/\/www.ekd.de\/ekd_de\/ds_img\/assets_2835_x\/UnsplashJoshua%20Sortina.png 3x\"><\/source><\/picture><figcaption class=\"image--caption\"\/>\n                                  <\/figure>\n<\/section>\n<p>        <!-- RSPEAK_STOP --><\/p>\n<footer class=\"article--footer\">\n<\/footer><\/div>\n","protected":false},"excerpt":{"rendered":"<p>Digitale Kunst, theologische Reflexion und soziale Medien im Dialog Im Zentrum dieses Projekts steht die Verbindung von Sch\u00f6pfungstheologie und k\u00fcnstlicher<\/p>\n","protected":false},"author":2,"featured_media":8513,"comment_status":"closed","ping_status":"closed","sticky":false,"template":"","format":"standard","meta":{"footnotes":""},"categories":[20],"tags":[],"_links":{"self":[{"href":"https:\/\/krankenhauspfarramt.de\/index.php\/wp-json\/wp\/v2\/posts\/8512"}],"collection":[{"href":"https:\/\/krankenhauspfarramt.de\/index.php\/wp-json\/wp\/v2\/posts"}],"about":[{"href":"https:\/\/krankenhauspfarramt.de\/index.php\/wp-json\/wp\/v2\/types\/post"}],"author":[{"embeddable":true,"href":"https:\/\/krankenhauspfarramt.de\/index.php\/wp-json\/wp\/v2\/users\/2"}],"replies":[{"embeddable":true,"href":"https:\/\/krankenhauspfarramt.de\/index.php\/wp-json\/wp\/v2\/comments?post=8512"}],"version-history":[{"count":1,"href":"https:\/\/krankenhauspfarramt.de\/index.php\/wp-json\/wp\/v2\/posts\/8512\/revisions"}],"predecessor-version":[{"id":8514,"href":"https:\/\/krankenhauspfarramt.de\/index.php\/wp-json\/wp\/v2\/posts\/8512\/revisions\/8514"}],"wp:featuredmedia":[{"embeddable":true,"href":"https:\/\/krankenhauspfarramt.de\/index.php\/wp-json\/wp\/v2\/media\/8513"}],"wp:attachment":[{"href":"https:\/\/krankenhauspfarramt.de\/index.php\/wp-json\/wp\/v2\/media?parent=8512"}],"wp:term":[{"taxonomy":"category","embeddable":true,"href":"https:\/\/krankenhauspfarramt.de\/index.php\/wp-json\/wp\/v2\/categories?post=8512"},{"taxonomy":"post_tag","embeddable":true,"href":"https:\/\/krankenhauspfarramt.de\/index.php\/wp-json\/wp\/v2\/tags?post=8512"}],"curies":[{"name":"wp","href":"https:\/\/api.w.org\/{rel}","templated":true}]}}