{"id":8515,"date":"2025-08-20T19:40:16","date_gmt":"2025-08-20T19:40:16","guid":{"rendered":"https:\/\/krankenhauspfarramt.de\/index.php\/2025\/08\/20\/kirchenmusik-online-digitales-lehrwerk-fuer-die-kirchenmusikausbildung-ekd\/"},"modified":"2025-08-20T19:40:17","modified_gmt":"2025-08-20T19:40:17","slug":"kirchenmusik-online-digitales-lehrwerk-fuer-die-kirchenmusikausbildung-ekd","status":"publish","type":"post","link":"https:\/\/krankenhauspfarramt.de\/index.php\/2025\/08\/20\/kirchenmusik-online-digitales-lehrwerk-fuer-die-kirchenmusikausbildung-ekd\/","title":{"rendered":"kirchenmusik.online \u2013 Digitales Lehrwerk f\u00fcr die Kirchenmusikausbildung \u2013 EKD"},"content":{"rendered":"<p> <br \/>\n<\/p>\n<div>\n<p>Mit dem Projekt <em data-end=\"433\" data-start=\"412\">kirchenmusik.online<\/em> entsteht ein digitales Lehrwerk f\u00fcr die kirchenmusikalische Ausbildung im evangelischen und katholischen Bereich. Ziel ist es, die Ausbildung auf Grundlage der C-Rahmenpr\u00fcfungsordnung durch eine moderne, moodlebasiert aufgebaute Plattform zeitgem\u00e4\u00df zu gestalten. In der Pilotphase 2024 wurden erste Grundlagenf\u00e4cher wie Hymnologie und Gemeindesingen durch Redaktionsteams aufbereitet, videobasiert umgesetzt und digitalisiert. Der Carus-Verlag fungiert als Vertriebspartner, technische Umsetzung und Gestaltung \u00fcbernehmen spezialisierte Agenturen.<\/p>\n<\/p><\/div>\n<div id=\"\">\n<p>Die Plattform erm\u00f6glicht nicht nur die ortsunabh\u00e4ngige Qualifizierung, sondern auch eine gezielte Ansprache junger Zielgruppen und Quereinsteiger*innen. Die digitale Umsetzung soll dabei helfen, regionale Ungleichheiten auszugleichen und einen nachhaltigen Beitrag zur Sicherung kirchenmusikalischer Fachkr\u00e4fte zu leisten.<\/p>\n<p>Das Projekt wird vom Amt f\u00fcr Kirchenmusik der w\u00fcrttembergischen Landeskirche gesteuert, in enger Kooperation mit bundesweiten und \u00f6kumenischen Gremien. Langfristig ist ein vollst\u00e4ndiger Ausbau aller Lehrf\u00e4cher \u00fcber mehrere Jahre hinweg geplant.<\/p>\n<p>Gef\u00f6rdert mit 84.000\u202f\u20ac aus dem Digitalinnovationsfonds.<\/p>\n<\/div>\n","protected":false},"excerpt":{"rendered":"<p>Mit dem Projekt kirchenmusik.online entsteht ein digitales Lehrwerk f\u00fcr die kirchenmusikalische Ausbildung im evangelischen und katholischen Bereich. Ziel ist es,<\/p>\n","protected":false},"author":2,"featured_media":8516,"comment_status":"closed","ping_status":"closed","sticky":false,"template":"","format":"standard","meta":{"footnotes":""},"categories":[20],"tags":[],"_links":{"self":[{"href":"https:\/\/krankenhauspfarramt.de\/index.php\/wp-json\/wp\/v2\/posts\/8515"}],"collection":[{"href":"https:\/\/krankenhauspfarramt.de\/index.php\/wp-json\/wp\/v2\/posts"}],"about":[{"href":"https:\/\/krankenhauspfarramt.de\/index.php\/wp-json\/wp\/v2\/types\/post"}],"author":[{"embeddable":true,"href":"https:\/\/krankenhauspfarramt.de\/index.php\/wp-json\/wp\/v2\/users\/2"}],"replies":[{"embeddable":true,"href":"https:\/\/krankenhauspfarramt.de\/index.php\/wp-json\/wp\/v2\/comments?post=8515"}],"version-history":[{"count":1,"href":"https:\/\/krankenhauspfarramt.de\/index.php\/wp-json\/wp\/v2\/posts\/8515\/revisions"}],"predecessor-version":[{"id":8517,"href":"https:\/\/krankenhauspfarramt.de\/index.php\/wp-json\/wp\/v2\/posts\/8515\/revisions\/8517"}],"wp:featuredmedia":[{"embeddable":true,"href":"https:\/\/krankenhauspfarramt.de\/index.php\/wp-json\/wp\/v2\/media\/8516"}],"wp:attachment":[{"href":"https:\/\/krankenhauspfarramt.de\/index.php\/wp-json\/wp\/v2\/media?parent=8515"}],"wp:term":[{"taxonomy":"category","embeddable":true,"href":"https:\/\/krankenhauspfarramt.de\/index.php\/wp-json\/wp\/v2\/categories?post=8515"},{"taxonomy":"post_tag","embeddable":true,"href":"https:\/\/krankenhauspfarramt.de\/index.php\/wp-json\/wp\/v2\/tags?post=8515"}],"curies":[{"name":"wp","href":"https:\/\/api.w.org\/{rel}","templated":true}]}}