{"id":8518,"date":"2025-08-20T23:21:15","date_gmt":"2025-08-20T23:21:15","guid":{"rendered":"https:\/\/krankenhauspfarramt.de\/index.php\/2025\/08\/20\/13-08-2025-evangelische-landeskirche-in-wuerttemberg-veroeffentlicht-leitlinie-zur-ki-nutzung\/"},"modified":"2025-08-20T23:21:15","modified_gmt":"2025-08-20T23:21:15","slug":"13-08-2025-evangelische-landeskirche-in-wuerttemberg-veroeffentlicht-leitlinie-zur-ki-nutzung","status":"publish","type":"post","link":"https:\/\/krankenhauspfarramt.de\/index.php\/2025\/08\/20\/13-08-2025-evangelische-landeskirche-in-wuerttemberg-veroeffentlicht-leitlinie-zur-ki-nutzung\/","title":{"rendered":"13.08.2025 Evangelische Landeskirche in W\u00fcrttemberg ver\u00f6ffentlicht Leitlinie zur KI-Nutzung"},"content":{"rendered":"<p><\/p>\n<div>\n<h2><span>Regeln \u201ef\u00fcr eine gemeinwohlorientierte, ethisch fundierte und rechtlich sichere Nutzung von KI\u201c<\/span><\/h2>\n<p>Stuttgart. Der Evangelische Oberkirchenrat in Stuttgart, die oberste Verwaltungsbeh\u00f6rde der w\u00fcrttembergischen Landeskirche, hat eine\u00a0<i>Leitlinie f\u00fcr die Nutzung von K\u00fcnstlicher Intelligenz (KI)\u00a0<\/i>in allen landeskirchlichen Gemeinden und Einrichtungen ver\u00f6ffentlicht. Begleitend wurden auch\u00a0<i>Leitlinien f\u00fcr eine \u00f6kologisch-nachhaltige Digitalstrategie zur Anwendung digitaler Datenverarbeitung und K\u00fcnstlicher Intelligenz (KI)<\/i>\u00a0publiziert. Sie finden die Leitlinien im Anhang dieser Pressemitteilung.<\/p>\n<p>Dazu sagt Stefan Werner, Direktor im Oberkirchenrat, im begleitenden Rundschreiben: \u201eAls Evangelische Landeskirche in W\u00fcrttemberg wollen wir diesen Wandel aktiv mitgestalten und dabei unserer Verantwortung f\u00fcr eine gemeinwohlorientierte, ethisch fundierte und rechtlich sichere Nutzung von KI gerecht werden.\u201c Werner erkl\u00e4rt, die Leitlinie verfolge das Ziel, \u201eden verantwortungsvollen und kompetenten Umgang mit KI in allen Arbeitsbereichen der Landeskirche zu f\u00f6rdern.\u201c Sie benenne \u201esowohl die Potenziale als auch die Risiken dieser Technologie und gibt konkrete Hinweise zur rechtssicheren, ethisch reflektierten und transparenten Nutzung von KI-Systemen im kirchlichen Dienst.\u201c<\/p>\n<p>Dr. Nico Friederich, Verantwortlicher f\u00fcr den digitalen Wandel, erg\u00e4nzt: \u201eDie im DigiRat der Landeskirche entwickelte und vom Kollegium des Oberkirchenrats beschlossene Leitlinie f\u00fcr den Einsatz von K\u00fcnstlicher Intelligenz zeigt die Ambition der Landeskirche, mit der sie sich dem Thema widmet. Die Leitlinie soll einen verl\u00e4sslichen Rahmen bieten, innerhalb dessen KI breit, verantwortungsvoll und kompetent eingesetzt werden kann. Weitere Schritte zur Unterlegung des Papiers mit konkreten Ma\u00dfnahmen wie die Einf\u00fchrung eines KI-Basistrainings f\u00fcr alle Mitarbeitenden folgen zeitnah.\u201c\u00a0<\/p>\n<p>Die neue KI-Leitlinie befasst sich unter anderem mit den Chancen und Risiken k\u00fcnstlicher Intelligenz, mit den rechtlichen Grundlagen, Fragen der Informationssicherheit, des Urheberrechts, der Verantwortung f\u00fcr die Ergebnisse der KI-Nutzung, des Datenschutzes sowie mit Pr\u00fcfungs- und Kennzeichnungspflichten und der Zul\u00e4ssigkeit von Einsatzszenarien.\u00a0<\/p>\n<p>Die Leitlinie des Umweltrates der Landeskirche befasst sich mit Fragen des hohen Energie- und Ressourcenverbrauchs bei der Nutzung von KI sowie mit der Frage, wie KI genutzt werden kann, um Ressourcenverbrauch zu reduzieren.\u00a0<\/p>\n<p>Dan Peter<br \/>Sprecher der Landeskirche<\/p>\n<\/p><\/div>\n","protected":false},"excerpt":{"rendered":"<p>Regeln \u201ef\u00fcr eine gemeinwohlorientierte, ethisch fundierte und rechtlich sichere Nutzung von KI\u201c Stuttgart. Der Evangelische Oberkirchenrat in Stuttgart, die oberste<\/p>\n","protected":false},"author":1,"featured_media":0,"comment_status":"closed","ping_status":"closed","sticky":false,"template":"","format":"standard","meta":{"footnotes":""},"categories":[21],"tags":[],"_links":{"self":[{"href":"https:\/\/krankenhauspfarramt.de\/index.php\/wp-json\/wp\/v2\/posts\/8518"}],"collection":[{"href":"https:\/\/krankenhauspfarramt.de\/index.php\/wp-json\/wp\/v2\/posts"}],"about":[{"href":"https:\/\/krankenhauspfarramt.de\/index.php\/wp-json\/wp\/v2\/types\/post"}],"author":[{"embeddable":true,"href":"https:\/\/krankenhauspfarramt.de\/index.php\/wp-json\/wp\/v2\/users\/1"}],"replies":[{"embeddable":true,"href":"https:\/\/krankenhauspfarramt.de\/index.php\/wp-json\/wp\/v2\/comments?post=8518"}],"version-history":[{"count":0,"href":"https:\/\/krankenhauspfarramt.de\/index.php\/wp-json\/wp\/v2\/posts\/8518\/revisions"}],"wp:attachment":[{"href":"https:\/\/krankenhauspfarramt.de\/index.php\/wp-json\/wp\/v2\/media?parent=8518"}],"wp:term":[{"taxonomy":"category","embeddable":true,"href":"https:\/\/krankenhauspfarramt.de\/index.php\/wp-json\/wp\/v2\/categories?post=8518"},{"taxonomy":"post_tag","embeddable":true,"href":"https:\/\/krankenhauspfarramt.de\/index.php\/wp-json\/wp\/v2\/tags?post=8518"}],"curies":[{"name":"wp","href":"https:\/\/api.w.org\/{rel}","templated":true}]}}