{"id":8519,"date":"2025-08-20T23:42:13","date_gmt":"2025-08-20T23:42:13","guid":{"rendered":"https:\/\/krankenhauspfarramt.de\/index.php\/2025\/08\/20\/die-digitale-lernplattform-fuer-kirchliches-ehrenamt-ekd\/"},"modified":"2025-08-20T23:42:15","modified_gmt":"2025-08-20T23:42:15","slug":"die-digitale-lernplattform-fuer-kirchliches-ehrenamt-ekd","status":"publish","type":"post","link":"https:\/\/krankenhauspfarramt.de\/index.php\/2025\/08\/20\/die-digitale-lernplattform-fuer-kirchliches-ehrenamt-ekd\/","title":{"rendered":"Die digitale \u201eLernplattform f\u00fcr kirchliches Ehrenamt\u201c \u2013 EKD"},"content":{"rendered":"<p> <br \/>\n<\/p>\n<div>\n<p><span style=\"line-height:107%\"><span style=\"letter-spacing:.1pt\">Sich weiterentwickeln, dazulernen, ausprobieren \u2013 aber bitte kurzweilig, lustmachend und jederzeit verf\u00fcgbar.\u00a0 Ehrenamtlich Engagierte formulieren einen punktuellen oder auch grunds\u00e4tzlichen Bildungsbedarf f\u00fcr sich und erwarten ein ihren Bed\u00fcrfnissen und M\u00f6glichkeiten entsprechendes Angebot von ihrer Kirche: das bedeutet einerseits eine gro\u00dfe thematische Vielfalt an Bildungs- und Unterst\u00fctzungs-angeboten, die f\u00fcr Ehrenamtliche aber gleichzeitig gut erreichbar und zu geeigneten Zeiten angeboten werden sollten. In einer Fl\u00e4chenlandeskirche im s\u00e4kularen Umfeld ist das ohne digitale Angebote kaum m\u00f6glich. <\/span><\/span><\/p>\n<\/p><\/div>\n<div id=\"\">\n<p>So entstand die Idee der \u201eLernplattform f\u00fcr kirchliches Ehrenamt\u201c, die mit ihren Modulen zu unterschiedlichsten Themen genau solche Angebote f\u00fcr alle Interessierten zur Verf\u00fcgung stellt, und zwar:<\/p>\n<ul>\n<li>termin- und zeitunabh\u00e4ngig verf\u00fcgbar,<\/li>\n<li>kurzweilig, praxisorientiert, interaktiv und lustmachend (dem neuesten Stand der Lernpsychologie entsprechend)<\/li>\n<li>nutzbar sowohl nach individuellem Bedarf als auch in pr\u00e4sentischen Veranstaltungen mit Gruppen, die vor Ort einzelne Module mit Erfahrungsaustausch, Gespr\u00e4chsgruppen oder konkreten Verst\u00e4ndigungseinsch\u00fcben unterbrechen oder verbinden k\u00f6nnen. \u00a0\u00a0<\/li>\n<\/ul>\n<p>Derzeit bietet die Lernplattform Module zu 11 verschiedenen Themen. Acht davon sind im Projektzeitraum entstanden. Das Projekt wird mit 40.000\u20ac vom Digitalinnovationsfonds gef\u00f6rdert.<\/p>\n<\/div>\n","protected":false},"excerpt":{"rendered":"<p>Sich weiterentwickeln, dazulernen, ausprobieren \u2013 aber bitte kurzweilig, lustmachend und jederzeit verf\u00fcgbar.\u00a0 Ehrenamtlich Engagierte formulieren einen punktuellen oder auch grunds\u00e4tzlichen<\/p>\n","protected":false},"author":2,"featured_media":8520,"comment_status":"closed","ping_status":"closed","sticky":false,"template":"","format":"standard","meta":{"footnotes":""},"categories":[20],"tags":[],"_links":{"self":[{"href":"https:\/\/krankenhauspfarramt.de\/index.php\/wp-json\/wp\/v2\/posts\/8519"}],"collection":[{"href":"https:\/\/krankenhauspfarramt.de\/index.php\/wp-json\/wp\/v2\/posts"}],"about":[{"href":"https:\/\/krankenhauspfarramt.de\/index.php\/wp-json\/wp\/v2\/types\/post"}],"author":[{"embeddable":true,"href":"https:\/\/krankenhauspfarramt.de\/index.php\/wp-json\/wp\/v2\/users\/2"}],"replies":[{"embeddable":true,"href":"https:\/\/krankenhauspfarramt.de\/index.php\/wp-json\/wp\/v2\/comments?post=8519"}],"version-history":[{"count":1,"href":"https:\/\/krankenhauspfarramt.de\/index.php\/wp-json\/wp\/v2\/posts\/8519\/revisions"}],"predecessor-version":[{"id":8521,"href":"https:\/\/krankenhauspfarramt.de\/index.php\/wp-json\/wp\/v2\/posts\/8519\/revisions\/8521"}],"wp:featuredmedia":[{"embeddable":true,"href":"https:\/\/krankenhauspfarramt.de\/index.php\/wp-json\/wp\/v2\/media\/8520"}],"wp:attachment":[{"href":"https:\/\/krankenhauspfarramt.de\/index.php\/wp-json\/wp\/v2\/media?parent=8519"}],"wp:term":[{"taxonomy":"category","embeddable":true,"href":"https:\/\/krankenhauspfarramt.de\/index.php\/wp-json\/wp\/v2\/categories?post=8519"},{"taxonomy":"post_tag","embeddable":true,"href":"https:\/\/krankenhauspfarramt.de\/index.php\/wp-json\/wp\/v2\/tags?post=8519"}],"curies":[{"name":"wp","href":"https:\/\/api.w.org\/{rel}","templated":true}]}}