{"id":8522,"date":"2025-08-21T03:45:46","date_gmt":"2025-08-21T03:45:46","guid":{"rendered":"https:\/\/krankenhauspfarramt.de\/index.php\/2025\/08\/21\/bessermiteinander-ein-digitales-mitmachprojekt-in-bielefeld-ekd\/"},"modified":"2025-08-21T03:45:50","modified_gmt":"2025-08-21T03:45:50","slug":"bessermiteinander-ein-digitales-mitmachprojekt-in-bielefeld-ekd","status":"publish","type":"post","link":"https:\/\/krankenhauspfarramt.de\/index.php\/2025\/08\/21\/bessermiteinander-ein-digitales-mitmachprojekt-in-bielefeld-ekd\/","title":{"rendered":"#bessermiteinander \u2013 ein digitales Mitmachprojekt in Bielefeld \u2013 EKD"},"content":{"rendered":"<p> <br \/>\n<\/p>\n<div id=\"\">\n        <!-- RSPEAK_START --><\/p>\n<header class=\"large-10 columns article--header\">\n<\/header>\n<div class=\"large-8 columns large-offset-1 \">\n<p>Mit dem Projekt <strong data-end=\"367\" data-start=\"345\">#bessermiteinander<\/strong> m\u00f6chte die Diakonie f\u00fcr Bielefeld digitale Beteiligungsprozesse im Quartier st\u00e4rken. Menschen, die in Bielefeld leben, arbeiten oder wirken, sollen gemeinsam Ideen entwickeln, wie das Miteinander in der Stadt verbessert werden kann. Daf\u00fcr wurde eine digitale Plattform entwickelt, auf der Beitr\u00e4ge in verschiedenen Formaten (Texte, Fotos, Videos) eingereicht werden k\u00f6nnen. Workshops, Veranstaltungen und aufsuchende Formate erg\u00e4nzen das Online-Angebot, um m\u00f6glichst viele unterschiedliche Perspektiven sichtbar zu machen. Ziel ist es, soziale Teilhabe durch digitale Mittel zu f\u00f6rdern, gesellschaftlichen Dialog anzuregen und das Quartier lebenswerter zu gestalten.<\/p>\n<p>Gef\u00f6rdert mit 33.002\u202f\u20ac aus dem Digitalinnovationsfonds.<\/p>\n<\/p><\/div>\n<section class=\"large-10 large-offset-1 columns article--section\">\n<figure class=\"article--image image\">\n                                    <picture><source srcset=\"https:\/\/www.ekd.de\/ekd_de\/ds_img\/assets_2835_x\/UnsplashBrooke%20Cagle_rdax_945x532.png 1x, https:\/\/www.ekd.de\/ekd_de\/ds_img\/assets_2835_x\/UnsplashBrooke%20Cagle_rdax_1890x1064.png 2x, https:\/\/www.ekd.de\/ekd_de\/ds_img\/assets_2835_x\/UnsplashBrooke%20Cagle.png 3x\"><\/source><\/picture><figcaption class=\"image--caption\"\/>\n                                  <\/figure>\n<\/section>\n<p>        <!-- RSPEAK_STOP --><\/p>\n<footer class=\"article--footer\">\n<\/footer><\/div>\n","protected":false},"excerpt":{"rendered":"<p>Mit dem Projekt #bessermiteinander m\u00f6chte die Diakonie f\u00fcr Bielefeld digitale Beteiligungsprozesse im Quartier st\u00e4rken. Menschen, die in Bielefeld leben, arbeiten<\/p>\n","protected":false},"author":2,"featured_media":8523,"comment_status":"closed","ping_status":"closed","sticky":false,"template":"","format":"standard","meta":{"footnotes":""},"categories":[20],"tags":[],"_links":{"self":[{"href":"https:\/\/krankenhauspfarramt.de\/index.php\/wp-json\/wp\/v2\/posts\/8522"}],"collection":[{"href":"https:\/\/krankenhauspfarramt.de\/index.php\/wp-json\/wp\/v2\/posts"}],"about":[{"href":"https:\/\/krankenhauspfarramt.de\/index.php\/wp-json\/wp\/v2\/types\/post"}],"author":[{"embeddable":true,"href":"https:\/\/krankenhauspfarramt.de\/index.php\/wp-json\/wp\/v2\/users\/2"}],"replies":[{"embeddable":true,"href":"https:\/\/krankenhauspfarramt.de\/index.php\/wp-json\/wp\/v2\/comments?post=8522"}],"version-history":[{"count":1,"href":"https:\/\/krankenhauspfarramt.de\/index.php\/wp-json\/wp\/v2\/posts\/8522\/revisions"}],"predecessor-version":[{"id":8524,"href":"https:\/\/krankenhauspfarramt.de\/index.php\/wp-json\/wp\/v2\/posts\/8522\/revisions\/8524"}],"wp:featuredmedia":[{"embeddable":true,"href":"https:\/\/krankenhauspfarramt.de\/index.php\/wp-json\/wp\/v2\/media\/8523"}],"wp:attachment":[{"href":"https:\/\/krankenhauspfarramt.de\/index.php\/wp-json\/wp\/v2\/media?parent=8522"}],"wp:term":[{"taxonomy":"category","embeddable":true,"href":"https:\/\/krankenhauspfarramt.de\/index.php\/wp-json\/wp\/v2\/categories?post=8522"},{"taxonomy":"post_tag","embeddable":true,"href":"https:\/\/krankenhauspfarramt.de\/index.php\/wp-json\/wp\/v2\/tags?post=8522"}],"curies":[{"name":"wp","href":"https:\/\/api.w.org\/{rel}","templated":true}]}}