{"id":8525,"date":"2025-08-21T07:46:18","date_gmt":"2025-08-21T07:46:18","guid":{"rendered":"https:\/\/krankenhauspfarramt.de\/index.php\/2025\/08\/21\/barrierefreiheit-in-heilig-geist-falkensee-ekd\/"},"modified":"2025-08-21T07:46:23","modified_gmt":"2025-08-21T07:46:23","slug":"barrierefreiheit-in-heilig-geist-falkensee-ekd","status":"publish","type":"post","link":"https:\/\/krankenhauspfarramt.de\/index.php\/2025\/08\/21\/barrierefreiheit-in-heilig-geist-falkensee-ekd\/","title":{"rendered":"Barrierefreiheit in Heilig Geist Falkensee \u2013 EKD"},"content":{"rendered":"<p> <br \/>\n<\/p>\n<div id=\"\">\n        <!-- RSPEAK_START --><\/p>\n<header class=\"large-10 columns article--header\">\n<h2 class=\"article--sub-headline primus--sub-headline\">Ein generations\u00fcbergreifendes Lernprojekt f\u00fcr eine vernetzte Gemeinde<\/h2>\n<\/header>\n<div class=\"large-8 columns large-offset-1 \">\n<p>Die Heilig Geist Kirchengemeinde Falkensee m\u00f6chte digitale Barrierefreiheit gezielt weiterentwickeln \u2013 durch Technik, die den Zugang zu Gottesdiensten, Veranstaltungen und Gemeinschaft erleichtert. Gerade in einer weitl\u00e4ufigen Gemeinde mit einer \u00e4lter werdenden Bev\u00f6lkerung, eingeschr\u00e4nkter Nahverkehrsanbindung und diversen Lebenssituationen k\u00f6nnen digitale Formate die Teilhabe erm\u00f6glichen: Live-Streams f\u00fcr Einrichtungen wie Seniorenheime, Hybridveranstaltungen, barrierearme Ton- und Bildtechnik sowie ein Technikteam, das Menschen aller Generationen gemeinsam bef\u00e4higt. Das Projekt soll nicht nur den Zugang verbessern, sondern neue Begegnungsr\u00e4ume schaffen und die digitale Kirche st\u00e4rken.<\/p>\n<p>Gef\u00f6rdert mit 20.000\u202f\u20ac aus dem Digitalinnovationsfonds.<\/p>\n<\/p><\/div>\n<section class=\"large-10 large-offset-1 columns article--section\">\n<figure class=\"article--image image\">\n                                    <picture><source srcset=\"https:\/\/www.ekd.de\/ekd_de\/ds_img\/assets_2835_x\/UnsplashAisiri%20Iyengar_rdax_945x532.png 1x, https:\/\/www.ekd.de\/ekd_de\/ds_img\/assets_2835_x\/UnsplashAisiri%20Iyengar_rdax_1890x1064.png 2x, https:\/\/www.ekd.de\/ekd_de\/ds_img\/assets_2835_x\/UnsplashAisiri%20Iyengar.png 3x\"><\/source><\/picture><figcaption class=\"image--caption\"\/>\n                                  <\/figure>\n<\/section>\n<p>        <!-- RSPEAK_STOP --><\/p>\n<footer class=\"article--footer\">\n<\/footer><\/div>\n","protected":false},"excerpt":{"rendered":"<p>Ein generations\u00fcbergreifendes Lernprojekt f\u00fcr eine vernetzte Gemeinde Die Heilig Geist Kirchengemeinde Falkensee m\u00f6chte digitale Barrierefreiheit gezielt weiterentwickeln \u2013 durch Technik,<\/p>\n","protected":false},"author":2,"featured_media":8526,"comment_status":"closed","ping_status":"closed","sticky":false,"template":"","format":"standard","meta":{"footnotes":""},"categories":[20],"tags":[],"_links":{"self":[{"href":"https:\/\/krankenhauspfarramt.de\/index.php\/wp-json\/wp\/v2\/posts\/8525"}],"collection":[{"href":"https:\/\/krankenhauspfarramt.de\/index.php\/wp-json\/wp\/v2\/posts"}],"about":[{"href":"https:\/\/krankenhauspfarramt.de\/index.php\/wp-json\/wp\/v2\/types\/post"}],"author":[{"embeddable":true,"href":"https:\/\/krankenhauspfarramt.de\/index.php\/wp-json\/wp\/v2\/users\/2"}],"replies":[{"embeddable":true,"href":"https:\/\/krankenhauspfarramt.de\/index.php\/wp-json\/wp\/v2\/comments?post=8525"}],"version-history":[{"count":1,"href":"https:\/\/krankenhauspfarramt.de\/index.php\/wp-json\/wp\/v2\/posts\/8525\/revisions"}],"predecessor-version":[{"id":8527,"href":"https:\/\/krankenhauspfarramt.de\/index.php\/wp-json\/wp\/v2\/posts\/8525\/revisions\/8527"}],"wp:featuredmedia":[{"embeddable":true,"href":"https:\/\/krankenhauspfarramt.de\/index.php\/wp-json\/wp\/v2\/media\/8526"}],"wp:attachment":[{"href":"https:\/\/krankenhauspfarramt.de\/index.php\/wp-json\/wp\/v2\/media?parent=8525"}],"wp:term":[{"taxonomy":"category","embeddable":true,"href":"https:\/\/krankenhauspfarramt.de\/index.php\/wp-json\/wp\/v2\/categories?post=8525"},{"taxonomy":"post_tag","embeddable":true,"href":"https:\/\/krankenhauspfarramt.de\/index.php\/wp-json\/wp\/v2\/tags?post=8525"}],"curies":[{"name":"wp","href":"https:\/\/api.w.org\/{rel}","templated":true}]}}