{"id":8528,"date":"2025-08-22T12:04:52","date_gmt":"2025-08-22T12:04:52","guid":{"rendered":"https:\/\/krankenhauspfarramt.de\/index.php\/2025\/08\/22\/kirchen-rufen-zu-friedensgebeten-auf-ekd\/"},"modified":"2025-08-22T12:04:55","modified_gmt":"2025-08-22T12:04:55","slug":"kirchen-rufen-zu-friedensgebeten-auf-ekd","status":"publish","type":"post","link":"https:\/\/krankenhauspfarramt.de\/index.php\/2025\/08\/22\/kirchen-rufen-zu-friedensgebeten-auf-ekd\/","title":{"rendered":"Kirchen rufen zu Friedensgebeten auf \u2013 EKD"},"content":{"rendered":"<p> <br \/>\n<\/p>\n<div id=\"\">\n        <!-- RSPEAK_START --><\/p>\n<header class=\"large-10 columns article--header\">\n<div class=\"article--meta article--meta__border clearfix\">\n<p>                                    <time datetime=\"21.08.2025 16:00\" class=\"article--time\">21.08.2025<\/time><\/p>\n<p>                                    <strong class=\"article--type primus--overline\">News<\/strong><\/p>\n<picture class=\"article--source-image image\"><source srcset=\"https:\/\/www.ekd.de\/ekd_de\/ds_img\/assets\/20170329_epd-Quellenlogo_141.png\"><!--<source srcset=\"https:\/\/www.ekd.de\/ekd_de\/ds_img\/assets\/20170329_epd-Quellenlogo_141.png 1x, https:\/\/www.ekd.de\/ekd_de\/ds_img\/assets\/20170329_epd-Quellenlogo_141.png 2x, https:\/\/www.ekd.de\/ekd_de\/ds_img\/assets\/20170329_epd-Quellenlogo_141.png 3x\">--><\/p>\n<p>    <\/source><\/picture>\n<\/p><\/div>\n<\/header>\n<div class=\"large-8 columns large-offset-1 \">\n<p>Bonn (epd). Der Friedensbeauftragte des Rates der Evangelischen Kirche in Deutschland (EKD), Friedrich Kramer, hat dazu aufgerufen, Gebete f\u00fcr einen gerechten Frieden in der Ukraine zu verst\u00e4rken. \u201eEs besteht ein Funke Hoffnung, dass es zu Gespr\u00e4chen zwischen Russland und der Ukraine und auch zu einer Waffenruhe, ja vielleicht sogar zu ersten Schritten zu einem Frieden kommt\u201c, sagte der EKD-Friedensbeauftragte am Donnerstag in Bonn.<\/p>\n<p>\u201eRufen wir zu Gott, bitten wir ihn, dass er die Verantwortlichen in ihren Gespr\u00e4chen und Verhandlungen leitet und ihre F\u00fc\u00dfe auf den Weg des Friedens f\u00fchrt und ihre Bereitschaft zum Frieden st\u00e4rkt\u201c, erkl\u00e4rte der mitteldeutsche Landesbischof weiter. Es sei \u201egerade jetzt wichtiger denn je\u201c f\u00fcr den Frieden zu beten und \u201ejeden Verhandlungsschritt im Gebet zu begleiten\u201c. Kramer r\u00e4umte ein, dass der Weg zum Ende des Krieges \u201elang und kompliziert\u201c sei. Er selbst bete inst\u00e4ndig daf\u00fcr, dass dieses Morden und das gro\u00dfe Leid in der Ukraine, in Gaza und an den anderen Kriegsorten dieser Welt ein Ende finde und die Waffen endlich schwiegen.<\/p>\n<p>Papst Leo XIV. hatte f\u00fcr Freitag zu einem Tag des Gebets und Fastens f\u00fcr den Frieden aufgerufen. Der Vorsitzende der katholischen Deutschen Bischofskonferenz, Georg B\u00e4tzing, erkl\u00e4rte am Donnerstag laut Mitteilung, in einer Welt, die von Gewalt und Unsicherheit gepr\u00e4gt sei, brauche es das gemeinsame Gebet um Frieden und die Bereitschaft, selbst Schritte der Vers\u00f6hnung zu gehen.<\/p>\n<\/p><\/div>\n<section class=\"large-12 columns article--section article--aside__bottom\">\n    <!-- Test for teaser --><br \/>\n    <!--Val: 1 --><\/p>\n<p>                    \t    <!-- SRC:  --><\/p>\n<aside class=\"article--aside quintus teaser teaser__related rs_skip rs_preserve\">\n<div class=\"teaser--article teaser--content\">\n<figure class=\"teaser--image\">\n                                                    <picture><source media=\"(max-width:935px)\" srcset=\"https:\/\/www.ekd.de\/ekd_de\/ds_img\/assets_1875_x\/tina-hartung-IwLY-pLic_U-unsplash-1875_rdax_625x352_60s.jpg 1x, https:\/\/www.ekd.de\/ekd_de\/ds_img\/assets_1875_x\/tina-hartung-IwLY-pLic_U-unsplash-1875_rdax_1250x704_60s.jpg 2x, https:\/\/www.ekd.de\/ekd_de\/ds_img\/assets_1875_x\/tina-hartung-IwLY-pLic_U-unsplash-1875_rdax_60s.jpg 3x\"><source media=\"(min-width:934px)\" srcset=\"https:\/\/www.ekd.de\/ekd_de\/ds_img\/assets_1875_x\/tina-hartung-IwLY-pLic_U-unsplash-1875_rdax_360x203_70s.jpg 1x, https:\/\/www.ekd.de\/ekd_de\/ds_img\/assets_1875_x\/tina-hartung-IwLY-pLic_U-unsplash-1875_rdax_720x406_70s.jpg 2x, https:\/\/www.ekd.de\/ekd_de\/ds_img\/assets_1875_x\/tina-hartung-IwLY-pLic_U-unsplash-1875_rdax_1080x608_70s.jpg 3x\"><img decoding=\"async\" src=\"https:\/\/www.ekd.de\/ekd_de\/ds_img\/assets_1875_x\/tina-hartung-IwLY-pLic_U-unsplash-1875_rdax_625x352_60s.jpg\" alt=\"Holzwand in den Farben der ukrainischen Flagge\"\/><br \/>\n                                                    <\/source><\/source><\/picture><figcaption\/>\n                                                <\/figure>\n<p class=\"quintus--text teaser--text\">Bez\u00fcglich des russischen Angriffs auf die Ukraine fordert die Evangelische Kirche konkrete Friedensbem\u00fchungen. Die Kirchenkonferenz sprach den Betroffenen der Gewalt ihre Achtung und ihr tiefes Mitgef\u00fchl aus. Die Themenseite b\u00fcndelt aktuelle Meldungen und Stellungnahmen zum Ukraine-Konflikt.<\/p>\n<\/p><\/div>\n<\/aside>\n<div class=\"article--content\">\n<p>Papst Leo hatte alle Gl\u00e4ubigen am Mittwoch aufgerufen, den 22. August, das Fest der Gottesmutter Maria K\u00f6nigin, im Zeichen von Fasten und Gebet f\u00fcr den Frieden zu begehen.<\/p>\n<\/p><\/div>\n<\/section>\n<p>        <!-- RSPEAK_STOP --><\/p>\n<footer class=\"article--footer\">\n<\/footer><\/div>\n","protected":false},"excerpt":{"rendered":"<p>21.08.2025 News Bonn (epd). Der Friedensbeauftragte des Rates der Evangelischen Kirche in Deutschland (EKD), Friedrich Kramer, hat dazu aufgerufen, Gebete<\/p>\n","protected":false},"author":2,"featured_media":8529,"comment_status":"closed","ping_status":"closed","sticky":false,"template":"","format":"standard","meta":{"footnotes":""},"categories":[20],"tags":[],"_links":{"self":[{"href":"https:\/\/krankenhauspfarramt.de\/index.php\/wp-json\/wp\/v2\/posts\/8528"}],"collection":[{"href":"https:\/\/krankenhauspfarramt.de\/index.php\/wp-json\/wp\/v2\/posts"}],"about":[{"href":"https:\/\/krankenhauspfarramt.de\/index.php\/wp-json\/wp\/v2\/types\/post"}],"author":[{"embeddable":true,"href":"https:\/\/krankenhauspfarramt.de\/index.php\/wp-json\/wp\/v2\/users\/2"}],"replies":[{"embeddable":true,"href":"https:\/\/krankenhauspfarramt.de\/index.php\/wp-json\/wp\/v2\/comments?post=8528"}],"version-history":[{"count":1,"href":"https:\/\/krankenhauspfarramt.de\/index.php\/wp-json\/wp\/v2\/posts\/8528\/revisions"}],"predecessor-version":[{"id":8530,"href":"https:\/\/krankenhauspfarramt.de\/index.php\/wp-json\/wp\/v2\/posts\/8528\/revisions\/8530"}],"wp:featuredmedia":[{"embeddable":true,"href":"https:\/\/krankenhauspfarramt.de\/index.php\/wp-json\/wp\/v2\/media\/8529"}],"wp:attachment":[{"href":"https:\/\/krankenhauspfarramt.de\/index.php\/wp-json\/wp\/v2\/media?parent=8528"}],"wp:term":[{"taxonomy":"category","embeddable":true,"href":"https:\/\/krankenhauspfarramt.de\/index.php\/wp-json\/wp\/v2\/categories?post=8528"},{"taxonomy":"post_tag","embeddable":true,"href":"https:\/\/krankenhauspfarramt.de\/index.php\/wp-json\/wp\/v2\/tags?post=8528"}],"curies":[{"name":"wp","href":"https:\/\/api.w.org\/{rel}","templated":true}]}}