{"id":8531,"date":"2025-08-26T12:40:22","date_gmt":"2025-08-26T12:40:22","guid":{"rendered":"https:\/\/krankenhauspfarramt.de\/index.php\/2025\/08\/26\/sicherheit-nicht-auf-das-militaerische-verengen-ekd\/"},"modified":"2025-08-26T12:40:23","modified_gmt":"2025-08-26T12:40:23","slug":"sicherheit-nicht-auf-das-militaerische-verengen-ekd","status":"publish","type":"post","link":"https:\/\/krankenhauspfarramt.de\/index.php\/2025\/08\/26\/sicherheit-nicht-auf-das-militaerische-verengen-ekd\/","title":{"rendered":"Sicherheit nicht auf das Milit\u00e4rische verengen \u2013 EKD"},"content":{"rendered":"<p> <br \/>\n<\/p>\n<div id=\"\">\n        <!-- RSPEAK_START --><\/p>\n<header class=\"large-10 columns article--header\">\n<div class=\"article--meta article--meta__border clearfix\">\n<p>                                    <time datetime=\"26.08.2025 12:00\" class=\"article--time\">26.08.2025<\/time><\/p>\n<p>                                    <strong class=\"article--type primus--overline\">News<\/strong><\/p>\n<picture class=\"article--source-image image\"><source srcset=\"https:\/\/www.ekd.de\/ekd_de\/ds_img\/assets\/20170329_epd-Quellenlogo_141.png\"><!--<source srcset=\"https:\/\/www.ekd.de\/ekd_de\/ds_img\/assets\/20170329_epd-Quellenlogo_141.png 1x, https:\/\/www.ekd.de\/ekd_de\/ds_img\/assets\/20170329_epd-Quellenlogo_141.png 2x, https:\/\/www.ekd.de\/ekd_de\/ds_img\/assets\/20170329_epd-Quellenlogo_141.png 3x\">--><\/p>\n<p>    <\/source><\/picture>\n<\/p><\/div>\n<\/header>\n<div class=\"large-8 columns large-offset-1 \">\n<p>Frankfurt a.M. (epd). Die Pr\u00e4sidentin des Deutschen Caritasverbandes, Eva Maria Welskop-Deffaa, hat vor einer einseitigen Fokussierung auf milit\u00e4rische Aspekte bei der Diskussion um Wehrpflicht und Sicherheit gewarnt. \u201eEs braucht eine Antwort auf das Unsicherheitsgef\u00fchl insgesamt\u201c, sagte sie der \u201eFrankfurter Rundschau\u201c (Montag). Welskop-Deffaa erinnerte an die Erfahrungen der Corona-Pandemie, insbesondere die Belastungen durch Homeschooling und Vereinsamung. Diese wirkten bei vielen jungen Menschen noch nach. Dies m\u00fcsse ber\u00fccksichtigt werden.<\/p>\n<p>\u201eEin Dienst in einem Altenheim, einem Krankenhaus oder in einer Kita, der mich in einer Pandemie direkten Gesundheitsgefahren aussetzt, ist ein ebenso sicherheitsrelevanter Dienst wie der mit der Waffe\u201c, f\u00fcgte Welskop-Deffaa hinzu. \u00c4hnliches gelte f\u00fcr den Zivilschutz und den Bev\u00f6lkerungsschutz. \u201eWir d\u00fcrfen keine Hierarchisierung der Dienste vornehmen, sondern wir m\u00fcssen uns gegen alle Sicherheitsrisiken wappnen\u201c, unterstrich die Caritas-Pr\u00e4sidentin.<\/p>\n<p>Die Pr\u00e4ses der Synode der Evangelischen Kirche in Deutschland (EKD), Anna-Nicole Heinrich, sagte in dem Doppelinterview, Freiwilligkeit stehe f\u00fcr sie an erster Stelle und habe auch f\u00fcr die evangelische Kirche einen hohen Wert: \u201eUnd ich finde, wir sollten jetzt nicht nur \u00fcber Wehrpflicht sprechen, sondern prim\u00e4r dar\u00fcber, was wir tun m\u00fcssen, dass sich jeder seiner Verantwortung f\u00fcr das Gemeinwesen bewusst ist und sich aus sich selbst heraus in die Pflicht nehmen lassen kann.\u201c Die Dimensionen von Sicherheit seien vielf\u00e4ltig und nicht auf das rein Milit\u00e4rische zu verengen.<\/p>\n<p>Der sogenannte Neue Wehrdienst soll laut Regierungskreisen Ende August vom Bundeskabinett beschlossen werden. Er sieht unter anderem vor, dass 18-j\u00e4hrige deutsche M\u00e4nner einen Fragebogen zur Bundeswehr ausf\u00fcllen und ab 2028 auch wieder zur Musterung gehen m\u00fcssen.<\/p>\n<\/p><\/div>\n<section class=\"large-12 columns article--section article--aside__bottom\">\n    <!-- Test for teaser --><br \/>\n    <!--Val: 1 --><\/p>\n<p>                    \t    <!-- SRC:  --><\/p>\n<aside class=\"article--aside quintus teaser teaser__related rs_skip rs_preserve\">\n<div class=\"teaser--article teaser--content\">\n<figure class=\"teaser--image\">\n                                                    <picture><source media=\"(max-width:935px)\" srcset=\"https:\/\/www.ekd.de\/ekd_de\/ds_img\/assets_1875_x\/anna-heinrich-praesetour_rdax_625x352_60s.jpg 1x, https:\/\/www.ekd.de\/ekd_de\/ds_img\/assets_1875_x\/anna-heinrich-praesetour_rdax_1250x704_60s.jpg 2x, https:\/\/www.ekd.de\/ekd_de\/ds_img\/assets_1875_x\/anna-heinrich-praesetour_rdax_60s.jpg 3x\"><source media=\"(min-width:934px)\" srcset=\"https:\/\/www.ekd.de\/ekd_de\/ds_img\/assets_1875_x\/anna-heinrich-praesetour_rdax_360x203_70s.jpg 1x, https:\/\/www.ekd.de\/ekd_de\/ds_img\/assets_1875_x\/anna-heinrich-praesetour_rdax_720x406_70s.jpg 2x, https:\/\/www.ekd.de\/ekd_de\/ds_img\/assets_1875_x\/anna-heinrich-praesetour_rdax_1080x608_70s.jpg 3x\"><img decoding=\"async\" src=\"https:\/\/www.ekd.de\/ekd_de\/ds_img\/assets_1875_x\/anna-heinrich-praesetour_rdax_625x352_60s.jpg\" alt=\"Die Praeses der Synode der Evangelischen Kirche Deutschland (EKD), Anna-Nicole Heinrich (in blauem Hemd), besucht am 24.07.2025 den Bundeswehrstandort Altenstadt bei Schongau in Bayern\"\/><br \/>\n                                                    <\/source><\/source><\/picture><figcaption\/>\n                                                <\/figure>\n<p class=\"quintus--text teaser--text\">Anna-Nicole Heinrich im Dialog mit jungen Menschen \u00fcber Kriegssorgen und Zukunftsperspektiven.<\/p>\n<\/p><\/div>\n<\/aside>\n<div class=\"article--content\">\n<p>Das Gesetz soll zugleich eine m\u00f6gliche Reaktivierung der Wehrpflicht vorbereiten, wof\u00fcr es aber keinen Automatismus geben soll. Derzeit k\u00f6nnen Deutsche ab 17 Jahren 7 bis 23 Monate lang freiwillig Wehrdienst leisten.<\/p>\n<p>\u00a0<\/p>\n<p>Eva Maria Welskop-Deffaa (Caritas) und Anna-Nicole Heinrich (EKD) im Doppel-Interview in der Frankfurter Rundschau \u00fcber Freiheiten und Pflichten, einen Sicherheitsbegriff jenseits des Milit\u00e4rischen sowie fehlenden Austausch der Generationen.<\/p>\n<\/p><\/div>\n<\/section>\n<p>        <!-- RSPEAK_STOP --><\/p>\n<footer class=\"article--footer\">\n<\/footer><\/div>\n","protected":false},"excerpt":{"rendered":"<p>26.08.2025 News Frankfurt a.M. (epd). Die Pr\u00e4sidentin des Deutschen Caritasverbandes, Eva Maria Welskop-Deffaa, hat vor einer einseitigen Fokussierung auf milit\u00e4rische<\/p>\n","protected":false},"author":2,"featured_media":8532,"comment_status":"closed","ping_status":"closed","sticky":false,"template":"","format":"standard","meta":{"footnotes":""},"categories":[20],"tags":[],"_links":{"self":[{"href":"https:\/\/krankenhauspfarramt.de\/index.php\/wp-json\/wp\/v2\/posts\/8531"}],"collection":[{"href":"https:\/\/krankenhauspfarramt.de\/index.php\/wp-json\/wp\/v2\/posts"}],"about":[{"href":"https:\/\/krankenhauspfarramt.de\/index.php\/wp-json\/wp\/v2\/types\/post"}],"author":[{"embeddable":true,"href":"https:\/\/krankenhauspfarramt.de\/index.php\/wp-json\/wp\/v2\/users\/2"}],"replies":[{"embeddable":true,"href":"https:\/\/krankenhauspfarramt.de\/index.php\/wp-json\/wp\/v2\/comments?post=8531"}],"version-history":[{"count":1,"href":"https:\/\/krankenhauspfarramt.de\/index.php\/wp-json\/wp\/v2\/posts\/8531\/revisions"}],"predecessor-version":[{"id":8533,"href":"https:\/\/krankenhauspfarramt.de\/index.php\/wp-json\/wp\/v2\/posts\/8531\/revisions\/8533"}],"wp:featuredmedia":[{"embeddable":true,"href":"https:\/\/krankenhauspfarramt.de\/index.php\/wp-json\/wp\/v2\/media\/8532"}],"wp:attachment":[{"href":"https:\/\/krankenhauspfarramt.de\/index.php\/wp-json\/wp\/v2\/media?parent=8531"}],"wp:term":[{"taxonomy":"category","embeddable":true,"href":"https:\/\/krankenhauspfarramt.de\/index.php\/wp-json\/wp\/v2\/categories?post=8531"},{"taxonomy":"post_tag","embeddable":true,"href":"https:\/\/krankenhauspfarramt.de\/index.php\/wp-json\/wp\/v2\/tags?post=8531"}],"curies":[{"name":"wp","href":"https:\/\/api.w.org\/{rel}","templated":true}]}}