{"id":8534,"date":"2025-08-26T16:41:34","date_gmt":"2025-08-26T16:41:34","guid":{"rendered":"https:\/\/krankenhauspfarramt.de\/index.php\/2025\/08\/26\/solidaritaetsbesuch-der-ekd-in-taybeh-ekd\/"},"modified":"2025-08-26T16:41:35","modified_gmt":"2025-08-26T16:41:35","slug":"solidaritaetsbesuch-der-ekd-in-taybeh-ekd","status":"publish","type":"post","link":"https:\/\/krankenhauspfarramt.de\/index.php\/2025\/08\/26\/solidaritaetsbesuch-der-ekd-in-taybeh-ekd\/","title":{"rendered":"Solidarit\u00e4tsbesuch der EKD in Taybeh \u2013 EKD"},"content":{"rendered":"<p> <br \/>\n<\/p>\n<div>\n<h3>Taybeh als Beispiel f\u00fcr die Gesamtsituation im Heiligen Land<\/h3>\n<p>Lenz machte deutlich, dass die Not der Menschen in Taybeh stellvertretend f\u00fcr die Lage vieler Pal\u00e4stinenser*innen im Westjordanland stehe. \u201eWir haben den Nahost-Konflikt hoffentlich in seiner Vielschichtigkeit im Blick. Zum gro\u00dfen Problem geh\u00f6rt auch das Leid der Menschen im Westjordanland.\u201c Das d\u00fcrfe nicht vergessen werden.<\/p>\n<p>Die Bev\u00f6lkerung w\u00fcnsche sich internationale Aufmerksamkeit und Schutz. Auch politische Unterst\u00fctzung sei notwendig, etwa durch diplomatische Initiativen. Gleichzeitig zeige sich, wie sehr Besuche und Solidarit\u00e4t den Menschen vor Ort guttun w\u00fcrden.<\/p>\n<h3>Appell an die Kirchen in Deutschland<\/h3>\n<p>Propst Lenz rief dazu auf, den Menschen in Taybeh und im Westjordanland weiterhin zur Seite zu stehen \u2013 mit Gebet, finanzieller Unterst\u00fctzung und \u00f6ffentlicher Aufmerksamkeit. Es bleibe der Eindruck, dass es dort \u201eeine unfassbare Not der Menschen gibt, die wir kaum wahrnehmen\u201c, so Lenz. Zum anderen k\u00f6nne man erleben, dass die Kirchen ihre Mittel f\u00fcr die Menschen einsetzen. \u201eDeswegen: weiter unterst\u00fctzen, hingucken und mitbeten\u201c, so der Probst.<\/p>\n<\/p><\/div>\n","protected":false},"excerpt":{"rendered":"<p>Taybeh als Beispiel f\u00fcr die Gesamtsituation im Heiligen Land Lenz machte deutlich, dass die Not der Menschen in Taybeh stellvertretend<\/p>\n","protected":false},"author":2,"featured_media":8535,"comment_status":"closed","ping_status":"closed","sticky":false,"template":"","format":"standard","meta":{"footnotes":""},"categories":[20],"tags":[],"_links":{"self":[{"href":"https:\/\/krankenhauspfarramt.de\/index.php\/wp-json\/wp\/v2\/posts\/8534"}],"collection":[{"href":"https:\/\/krankenhauspfarramt.de\/index.php\/wp-json\/wp\/v2\/posts"}],"about":[{"href":"https:\/\/krankenhauspfarramt.de\/index.php\/wp-json\/wp\/v2\/types\/post"}],"author":[{"embeddable":true,"href":"https:\/\/krankenhauspfarramt.de\/index.php\/wp-json\/wp\/v2\/users\/2"}],"replies":[{"embeddable":true,"href":"https:\/\/krankenhauspfarramt.de\/index.php\/wp-json\/wp\/v2\/comments?post=8534"}],"version-history":[{"count":1,"href":"https:\/\/krankenhauspfarramt.de\/index.php\/wp-json\/wp\/v2\/posts\/8534\/revisions"}],"predecessor-version":[{"id":8536,"href":"https:\/\/krankenhauspfarramt.de\/index.php\/wp-json\/wp\/v2\/posts\/8534\/revisions\/8536"}],"wp:featuredmedia":[{"embeddable":true,"href":"https:\/\/krankenhauspfarramt.de\/index.php\/wp-json\/wp\/v2\/media\/8535"}],"wp:attachment":[{"href":"https:\/\/krankenhauspfarramt.de\/index.php\/wp-json\/wp\/v2\/media?parent=8534"}],"wp:term":[{"taxonomy":"category","embeddable":true,"href":"https:\/\/krankenhauspfarramt.de\/index.php\/wp-json\/wp\/v2\/categories?post=8534"},{"taxonomy":"post_tag","embeddable":true,"href":"https:\/\/krankenhauspfarramt.de\/index.php\/wp-json\/wp\/v2\/tags?post=8534"}],"curies":[{"name":"wp","href":"https:\/\/api.w.org\/{rel}","templated":true}]}}