{"id":8537,"date":"2025-08-27T08:48:27","date_gmt":"2025-08-27T08:48:27","guid":{"rendered":"https:\/\/krankenhauspfarramt.de\/index.php\/2025\/08\/27\/moses-ii-mobiles-streaming-fuer-hybride-gemeindeformate-ekd\/"},"modified":"2025-08-27T08:48:30","modified_gmt":"2025-08-27T08:48:30","slug":"moses-ii-mobiles-streaming-fuer-hybride-gemeindeformate-ekd","status":"publish","type":"post","link":"https:\/\/krankenhauspfarramt.de\/index.php\/2025\/08\/27\/moses-ii-mobiles-streaming-fuer-hybride-gemeindeformate-ekd\/","title":{"rendered":"moSeS II \u2013 Mobiles Streaming f\u00fcr hybride Gemeindeformate \u2013 EKD"},"content":{"rendered":"<p> <br \/>\n<\/p>\n<div id=\"\">\n        <!-- RSPEAK_START --><\/p>\n<header class=\"large-10 columns article--header\">\n<h2 class=\"article--sub-headline primus--sub-headline\">Ein Technikprojekt der Ev. Pfarrgemeinde Knielingen f\u00fcr digital-verbundene Gottesdienste<\/h2>\n<\/header>\n<div class=\"large-8 columns large-offset-1 \">\n<p>Die Evangelische Pfarrgemeinde Knielingen entwickelt mit dem Projekt <em data-end=\"391\" data-start=\"381\">moSeS II<\/em> ihre digitalen Gottesdienstformate weiter. Aufbauend auf einem erfolgreichen Proof of Concept soll nun professionelle, mobile Streamingtechnik angeschafft werden, um ortsunabh\u00e4ngige Live-\u00dcbertragungen mit interaktiven Elementen zu realisieren. Besonders hervorzuheben ist der hybride Ansatz, der vor Ort versammelte und digital zugeschaltete Personen gleicherma\u00dfen einbezieht. Unterst\u00fctzt von einem engagierten Technikteam, das in Zukunft auch andere Gemeinden bef\u00e4higen will, schafft die Gemeinde eine skalierbare L\u00f6sung f\u00fcr moderne Verk\u00fcndigung und digitale Teilhabe. Gef\u00f6rdert mit 18.000\u202f\u20ac aus dem Digitalinnovationsfonds.<\/p>\n<\/p><\/div>\n<section class=\"large-10 large-offset-1 columns article--section\">\n<figure class=\"article--image image\">\n                                    <picture><source srcset=\"https:\/\/www.ekd.de\/ekd_de\/ds_img\/assets_2835_x\/UnsplashMax%20Raber_rdax_945x532.png 1x, https:\/\/www.ekd.de\/ekd_de\/ds_img\/assets_2835_x\/UnsplashMax%20Raber_rdax_1890x1064.png 2x, https:\/\/www.ekd.de\/ekd_de\/ds_img\/assets_2835_x\/UnsplashMax%20Raber.png 3x\"><\/source><\/picture><figcaption class=\"image--caption\"\/>\n                                  <\/figure>\n<\/section>\n<p>        <!-- RSPEAK_STOP --><\/p>\n<footer class=\"article--footer\">\n<\/footer><\/div>\n","protected":false},"excerpt":{"rendered":"<p>Ein Technikprojekt der Ev. Pfarrgemeinde Knielingen f\u00fcr digital-verbundene Gottesdienste Die Evangelische Pfarrgemeinde Knielingen entwickelt mit dem Projekt moSeS II ihre<\/p>\n","protected":false},"author":2,"featured_media":8538,"comment_status":"closed","ping_status":"closed","sticky":false,"template":"","format":"standard","meta":{"footnotes":""},"categories":[20],"tags":[],"_links":{"self":[{"href":"https:\/\/krankenhauspfarramt.de\/index.php\/wp-json\/wp\/v2\/posts\/8537"}],"collection":[{"href":"https:\/\/krankenhauspfarramt.de\/index.php\/wp-json\/wp\/v2\/posts"}],"about":[{"href":"https:\/\/krankenhauspfarramt.de\/index.php\/wp-json\/wp\/v2\/types\/post"}],"author":[{"embeddable":true,"href":"https:\/\/krankenhauspfarramt.de\/index.php\/wp-json\/wp\/v2\/users\/2"}],"replies":[{"embeddable":true,"href":"https:\/\/krankenhauspfarramt.de\/index.php\/wp-json\/wp\/v2\/comments?post=8537"}],"version-history":[{"count":1,"href":"https:\/\/krankenhauspfarramt.de\/index.php\/wp-json\/wp\/v2\/posts\/8537\/revisions"}],"predecessor-version":[{"id":8539,"href":"https:\/\/krankenhauspfarramt.de\/index.php\/wp-json\/wp\/v2\/posts\/8537\/revisions\/8539"}],"wp:featuredmedia":[{"embeddable":true,"href":"https:\/\/krankenhauspfarramt.de\/index.php\/wp-json\/wp\/v2\/media\/8538"}],"wp:attachment":[{"href":"https:\/\/krankenhauspfarramt.de\/index.php\/wp-json\/wp\/v2\/media?parent=8537"}],"wp:term":[{"taxonomy":"category","embeddable":true,"href":"https:\/\/krankenhauspfarramt.de\/index.php\/wp-json\/wp\/v2\/categories?post=8537"},{"taxonomy":"post_tag","embeddable":true,"href":"https:\/\/krankenhauspfarramt.de\/index.php\/wp-json\/wp\/v2\/tags?post=8537"}],"curies":[{"name":"wp","href":"https:\/\/api.w.org\/{rel}","templated":true}]}}