{"id":8540,"date":"2025-08-27T12:49:08","date_gmt":"2025-08-27T12:49:08","guid":{"rendered":"https:\/\/krankenhauspfarramt.de\/index.php\/2025\/08\/27\/mehr-kultur-in-kirchenraeume-bringen-ekd\/"},"modified":"2025-08-27T12:49:09","modified_gmt":"2025-08-27T12:49:09","slug":"mehr-kultur-in-kirchenraeume-bringen-ekd","status":"publish","type":"post","link":"https:\/\/krankenhauspfarramt.de\/index.php\/2025\/08\/27\/mehr-kultur-in-kirchenraeume-bringen-ekd\/","title":{"rendered":"Mehr Kultur in Kirchenr\u00e4ume bringen \u2013 EKD"},"content":{"rendered":"<p> <br \/>\n<\/p>\n<div id=\"\">\n        <!-- RSPEAK_START --><\/p>\n<header class=\"large-10 columns article--header\">\n<div class=\"article--meta article--meta__border clearfix\">\n<p>                                    <time datetime=\"27.08.2025 14:00\" class=\"article--time\">27.08.2025<\/time><\/p>\n<p>                                    <strong class=\"article--type primus--overline\">News<\/strong><\/p>\n<picture class=\"article--source-image image\"><source srcset=\"https:\/\/www.ekd.de\/ekd_de\/ds_img\/assets\/20170329_epd-Quellenlogo_141.png\"><!--<source srcset=\"https:\/\/www.ekd.de\/ekd_de\/ds_img\/assets\/20170329_epd-Quellenlogo_141.png 1x, https:\/\/www.ekd.de\/ekd_de\/ds_img\/assets\/20170329_epd-Quellenlogo_141.png 2x, https:\/\/www.ekd.de\/ekd_de\/ds_img\/assets\/20170329_epd-Quellenlogo_141.png 3x\">--><\/p>\n<p>    <\/source><\/picture>\n<\/p><\/div>\n<\/header>\n<div class=\"large-8 columns large-offset-1 \">\n<p>Berlin (epd). Die Ratsvorsitzende der Evangelischen Kirche in Deutschland (EKD), Kirsten Fehrs, will bei der Nutzung von Kirchengeb\u00e4uden enger mit kulturellen Institutionen zusammenarbeiten. \u201eMein Wunsch ist, dass wir dies noch viel mehr versuchen als bisher\u201c, schreibt die Hamburger Bisch\u00f6fin in der Zeitung \u201ePolitik und Kultur\u201c des Deutschen Kulturrats (September): \u201eAllerdings begegnen wir nicht selten einer gewissen Reserviertheit.\u201c In manchen Kulturbereichen scheine es zum guten Ton zu geh\u00f6ren, der evangelischen Kirche vor allem kritisch zu begegnen.<\/p>\n<p>\u201eDaf\u00fcr gibt es Gr\u00fcnde\u201c, r\u00e4umte Fehrs ein: \u201eF\u00fcr uns sind solche Irritationen wichtig, weil sie uns herausfordern, uns mit dunklen Seiten unserer Traditionen oder Schw\u00e4chen unserer heutigen Arbeit auseinanderzusetzen \u200a- im Gespr\u00e4ch mit einer wachen, kritischen, s\u00e4kularen Kultur.\u201c<\/p>\n<p>In ihrem Gastbeitrag umrei\u00dft Fehrs gemeinsame Herausforderungen und Perspektiven von Kirche und Kultur. In Anbetracht eines nachlassenden \u00f6ffentlichen Interesses s\u00e4hen sich beide einem \u201egestiegenen Rechtfertigungsdruck\u201c ausgesetzt. \u201eDie evangelische Kirche kennt dies schon seit L\u00e4ngerem. F\u00fcr viele Kultureinrichtungen &#8211; Museen, Theater, Opern, Festivals &#8211; scheint dies eine neue Erfahrung zu sein.\u201c<\/p>\n<p>Insgesamt sei der Rechtfertigungsdruck f\u00fcr I\u200anstitutionen und Organisationen, die fr\u00fcher als \u201eS\u00e4ulen der Gesellschaft\u201c angesehen wurden, gestiegen. Sie m\u00fcssten der \u00d6ffentlichkeit erkl\u00e4ren, warum es sie gibt, wof\u00fcr sie da sind und was sie f\u00fcr das Gemeinwesen leisten, so Fehrs: Wer den Sinn von Kunst und Glaube f\u00fcr die Gesellschaft zur Diskussion stellen wolle, sollte nicht vorschnell direkte Nutzanwendungen aufz\u00e4hlen.<\/p>\n<\/p><\/div>\n<section class=\"large-12 columns article--section article--aside__bottom\">\n    <!-- Test for teaser --><br \/>\n    <!--Val: 1 --><\/p>\n<p>                    \t    <!-- SRC:  --><\/p>\n<aside class=\"article--aside quintus teaser teaser__related rs_skip rs_preserve\">\n<div class=\"teaser--article teaser--content\">\n<figure class=\"teaser--image\">\n                                                    <picture><source media=\"(max-width:935px)\" srcset=\"https:\/\/www.ekd.de\/ekd_de\/ds_img\/assets_1875_x\/20230913_epd_00483233_frauenkirche_erdkugel_matthias_schumann_1875_rdax_625x352_60s.jpg 1x, https:\/\/www.ekd.de\/ekd_de\/ds_img\/assets_1875_x\/20230913_epd_00483233_frauenkirche_erdkugel_matthias_schumann_1875_rdax_1250x704_60s.jpg 2x, https:\/\/www.ekd.de\/ekd_de\/ds_img\/assets_1875_x\/20230913_epd_00483233_frauenkirche_erdkugel_matthias_schumann_1875_rdax_60s.jpg 3x\"><source media=\"(min-width:934px)\" srcset=\"https:\/\/www.ekd.de\/ekd_de\/ds_img\/assets_1875_x\/20230913_epd_00483233_frauenkirche_erdkugel_matthias_schumann_1875_rdax_360x203_70s.jpg 1x, https:\/\/www.ekd.de\/ekd_de\/ds_img\/assets_1875_x\/20230913_epd_00483233_frauenkirche_erdkugel_matthias_schumann_1875_rdax_720x406_70s.jpg 2x, https:\/\/www.ekd.de\/ekd_de\/ds_img\/assets_1875_x\/20230913_epd_00483233_frauenkirche_erdkugel_matthias_schumann_1875_rdax_1080x608_70s.jpg 3x\"><img decoding=\"async\" src=\"https:\/\/www.ekd.de\/ekd_de\/ds_img\/assets_1875_x\/20230913_epd_00483233_frauenkirche_erdkugel_matthias_schumann_1875_rdax_625x352_60s.jpg\" alt=\"Schwebende Erdkugel als Kunstinstallation 'Gaia' des britischen K\u00fcnstlers Luke Jerram in der Dresdner Frauenkirche\"\/><br \/>\n                                                    <\/source><\/source><\/picture><figcaption\/>\n                                                <\/figure>\n<p class=\"quintus--text teaser--text\">Ob Musik, Baukunst, Malerei oder Literatur: Kirche und Kultur waren und sind untrennbar verwoben. Menschen suchen immer wieder neue Ausdrucksformen f\u00fcr ihren Glauben, ihre Fragen und ihre Zweifel.<\/p>\n<\/p><\/div>\n<\/aside>\n<div class=\"article--content\">\n<p>Eine Gesellschaft lebe nicht zuletzt von geistigen Leistungen und seelischen Erfahrungen, \u201edie sich nicht in staatlichen oder wirtschaftlichen Mittel-Zweck-Berechnungen einfangen lassen\u201c.<\/p>\n<\/p><\/div>\n<\/section>\n<p>        <!-- RSPEAK_STOP --><\/p>\n<footer class=\"article--footer\">\n<\/footer><\/div>\n","protected":false},"excerpt":{"rendered":"<p>27.08.2025 News Berlin (epd). Die Ratsvorsitzende der Evangelischen Kirche in Deutschland (EKD), Kirsten Fehrs, will bei der Nutzung von Kirchengeb\u00e4uden<\/p>\n","protected":false},"author":2,"featured_media":7501,"comment_status":"closed","ping_status":"closed","sticky":false,"template":"","format":"standard","meta":{"footnotes":""},"categories":[20],"tags":[],"_links":{"self":[{"href":"https:\/\/krankenhauspfarramt.de\/index.php\/wp-json\/wp\/v2\/posts\/8540"}],"collection":[{"href":"https:\/\/krankenhauspfarramt.de\/index.php\/wp-json\/wp\/v2\/posts"}],"about":[{"href":"https:\/\/krankenhauspfarramt.de\/index.php\/wp-json\/wp\/v2\/types\/post"}],"author":[{"embeddable":true,"href":"https:\/\/krankenhauspfarramt.de\/index.php\/wp-json\/wp\/v2\/users\/2"}],"replies":[{"embeddable":true,"href":"https:\/\/krankenhauspfarramt.de\/index.php\/wp-json\/wp\/v2\/comments?post=8540"}],"version-history":[{"count":1,"href":"https:\/\/krankenhauspfarramt.de\/index.php\/wp-json\/wp\/v2\/posts\/8540\/revisions"}],"predecessor-version":[{"id":8541,"href":"https:\/\/krankenhauspfarramt.de\/index.php\/wp-json\/wp\/v2\/posts\/8540\/revisions\/8541"}],"wp:featuredmedia":[{"embeddable":true,"href":"https:\/\/krankenhauspfarramt.de\/index.php\/wp-json\/wp\/v2\/media\/7501"}],"wp:attachment":[{"href":"https:\/\/krankenhauspfarramt.de\/index.php\/wp-json\/wp\/v2\/media?parent=8540"}],"wp:term":[{"taxonomy":"category","embeddable":true,"href":"https:\/\/krankenhauspfarramt.de\/index.php\/wp-json\/wp\/v2\/categories?post=8540"},{"taxonomy":"post_tag","embeddable":true,"href":"https:\/\/krankenhauspfarramt.de\/index.php\/wp-json\/wp\/v2\/tags?post=8540"}],"curies":[{"name":"wp","href":"https:\/\/api.w.org\/{rel}","templated":true}]}}