{"id":8542,"date":"2025-08-27T16:49:55","date_gmt":"2025-08-27T16:49:55","guid":{"rendered":"https:\/\/krankenhauspfarramt.de\/index.php\/2025\/08\/27\/home-street-home-social-media-kampagne-ekd\/"},"modified":"2025-08-27T16:49:56","modified_gmt":"2025-08-27T16:49:56","slug":"home-street-home-social-media-kampagne-ekd","status":"publish","type":"post","link":"https:\/\/krankenhauspfarramt.de\/index.php\/2025\/08\/27\/home-street-home-social-media-kampagne-ekd\/","title":{"rendered":"Home Street Home \u2013 Social Media Kampagne \u2013 EKD"},"content":{"rendered":"<p> <br \/>\n<\/p>\n<div>\n<p>Mit der Social-Media-Kampagne Home Street Home\u00a0m\u00f6chte die Berliner Initiative\u00a0KoFi (Koalition f\u00fcr Freiheit, Vielfalt und Zusammenhalt)\u00a0die \u00d6ffentlichkeit f\u00fcr die Lebensrealit\u00e4ten wohnungsloser Menschen sensibilisieren. Durch Portr\u00e4ts, O-T\u00f6ne und pers\u00f6nliche Geschichten werden Menschen sichtbar gemacht, die sonst oft ignoriert werden. Die Kampagne nutzt eine zielgruppengerechte \u00c4sthetik, kurze Videos und authentische Social-Media-Formate, um junge Erwachsene zwischen 18 und 35 Jahren anzusprechen. Dabei soll ein Perspektivwechsel angeregt, das Thema Entmenschlichung aufgegriffen und das Bewusstsein f\u00fcr strukturelle Ungerechtigkeiten gesch\u00e4rft werden.<\/p>\n<\/p><\/div>\n<div id=\"\">\n<p>Ein zentrales Element der Kampagne ist das Motiv \u201ePaul-L\u00f6be-Haus\u201c, das obdachlose Menschen gegen\u00fcber dem Bundestagsgeb\u00e4ude zeigt \u2013 als deutlicher Appell an die Politik, hinzusehen und zu handeln.<\/p>\n<p>Die Inhalte werden \u00fcber Instagram, TikTok und YouTube Shorts ausgespielt, begleitet von begleitender \u00d6ffentlichkeitsarbeit und einer langfristigen Strategie f\u00fcr den Transfer in andere St\u00e4dte.<\/p>\n<p>Gef\u00f6rdert wird das Projekt mit 19.995 Euro aus dem Digitalinnovationsfonds.<\/p>\n<\/div>\n","protected":false},"excerpt":{"rendered":"<p>Mit der Social-Media-Kampagne Home Street Home\u00a0m\u00f6chte die Berliner Initiative\u00a0KoFi (Koalition f\u00fcr Freiheit, Vielfalt und Zusammenhalt)\u00a0die \u00d6ffentlichkeit f\u00fcr die Lebensrealit\u00e4ten wohnungsloser<\/p>\n","protected":false},"author":2,"featured_media":8543,"comment_status":"closed","ping_status":"closed","sticky":false,"template":"","format":"standard","meta":{"footnotes":""},"categories":[20],"tags":[],"_links":{"self":[{"href":"https:\/\/krankenhauspfarramt.de\/index.php\/wp-json\/wp\/v2\/posts\/8542"}],"collection":[{"href":"https:\/\/krankenhauspfarramt.de\/index.php\/wp-json\/wp\/v2\/posts"}],"about":[{"href":"https:\/\/krankenhauspfarramt.de\/index.php\/wp-json\/wp\/v2\/types\/post"}],"author":[{"embeddable":true,"href":"https:\/\/krankenhauspfarramt.de\/index.php\/wp-json\/wp\/v2\/users\/2"}],"replies":[{"embeddable":true,"href":"https:\/\/krankenhauspfarramt.de\/index.php\/wp-json\/wp\/v2\/comments?post=8542"}],"version-history":[{"count":1,"href":"https:\/\/krankenhauspfarramt.de\/index.php\/wp-json\/wp\/v2\/posts\/8542\/revisions"}],"predecessor-version":[{"id":8544,"href":"https:\/\/krankenhauspfarramt.de\/index.php\/wp-json\/wp\/v2\/posts\/8542\/revisions\/8544"}],"wp:featuredmedia":[{"embeddable":true,"href":"https:\/\/krankenhauspfarramt.de\/index.php\/wp-json\/wp\/v2\/media\/8543"}],"wp:attachment":[{"href":"https:\/\/krankenhauspfarramt.de\/index.php\/wp-json\/wp\/v2\/media?parent=8542"}],"wp:term":[{"taxonomy":"category","embeddable":true,"href":"https:\/\/krankenhauspfarramt.de\/index.php\/wp-json\/wp\/v2\/categories?post=8542"},{"taxonomy":"post_tag","embeddable":true,"href":"https:\/\/krankenhauspfarramt.de\/index.php\/wp-json\/wp\/v2\/tags?post=8542"}],"curies":[{"name":"wp","href":"https:\/\/api.w.org\/{rel}","templated":true}]}}