{"id":8548,"date":"2025-08-28T00:53:57","date_gmt":"2025-08-28T00:53:57","guid":{"rendered":"https:\/\/krankenhauspfarramt.de\/index.php\/2025\/08\/28\/podcastprojekt-von-kira-und-felix-stuetz-ekd\/"},"modified":"2025-08-28T00:54:01","modified_gmt":"2025-08-28T00:54:01","slug":"podcastprojekt-von-kira-und-felix-stuetz-ekd","status":"publish","type":"post","link":"https:\/\/krankenhauspfarramt.de\/index.php\/2025\/08\/28\/podcastprojekt-von-kira-und-felix-stuetz-ekd\/","title":{"rendered":"Podcastprojekt von Kira und Felix St\u00fctz \u2013 EKD"},"content":{"rendered":"<p> <br \/>\n<\/p>\n<div>\n<p data-end=\"852\" data-start=\"225\">Kira und Felix St\u00fctz planen ein Podcastprojekt, in dem sie als\u00a0Moderationsduo mit Menschen des \u00f6ffentlichen Lebens \u00fcber zentrale Lebensfragen, Spiritualit\u00e4t und Glauben sprechen. Ziel ist es, junge Erwachsene \u2013 insbesondere die Generation Y \u2013 zu erreichen, die sich nicht aktiv auf der Suche nach religi\u00f6sen Inhalten befinden, jedoch eine grunds\u00e4tzliche Offenheit f\u00fcr Sinnfragen mitbringen.<\/p>\n<\/p><\/div>\n<div id=\"\">\n<p>Der Podcast soll durch begleitende Social-Media-Arbeit auf Instagram (Hauptkanal), TikTok und YouTube sichtbar gemacht werden. Auch eine eigene Homepage ist geplant. Im F\u00f6rderzeitraum sollen drei Staffeln \u00e0 etwa 13 Folgen entstehen, mit angestrebten H\u00f6rer*innenzahlen im h\u00f6heren dreistelligen Bereich sowie \u00fcber 1.000 Followern auf Instagram.<\/p>\n<p>Das Projekt wird komplett ehrenamtlich umgesetzt, wobei bestehendes technisches Equipment durch gezielte Zuk\u00e4ufe erg\u00e4nzt wird. Die Mittel decken u.\u202fa. Werbung, Jingle-Produktion, Versandkosten sowie Gastgeschenke. Die Besonderheit liegt darin, dass beide Moderator*innen zwar ein abgeschlossenes Theologiestudium haben, jedoch au\u00dferhalb kirchlicher Strukturen agieren. Dadurch geben sie ehrenamtlichen Perspektiven Raum und erweitern die Vielfalt digitaler evangelischer Stimmen.<\/p>\n<p>Gef\u00f6rdert mit 8.329\u202f\u20ac aus dem Digitalinnovationsfonds.<\/p>\n<\/div>\n","protected":false},"excerpt":{"rendered":"<p>Kira und Felix St\u00fctz planen ein Podcastprojekt, in dem sie als\u00a0Moderationsduo mit Menschen des \u00f6ffentlichen Lebens \u00fcber zentrale Lebensfragen, Spiritualit\u00e4t<\/p>\n","protected":false},"author":2,"featured_media":8549,"comment_status":"closed","ping_status":"closed","sticky":false,"template":"","format":"standard","meta":{"footnotes":""},"categories":[20],"tags":[],"_links":{"self":[{"href":"https:\/\/krankenhauspfarramt.de\/index.php\/wp-json\/wp\/v2\/posts\/8548"}],"collection":[{"href":"https:\/\/krankenhauspfarramt.de\/index.php\/wp-json\/wp\/v2\/posts"}],"about":[{"href":"https:\/\/krankenhauspfarramt.de\/index.php\/wp-json\/wp\/v2\/types\/post"}],"author":[{"embeddable":true,"href":"https:\/\/krankenhauspfarramt.de\/index.php\/wp-json\/wp\/v2\/users\/2"}],"replies":[{"embeddable":true,"href":"https:\/\/krankenhauspfarramt.de\/index.php\/wp-json\/wp\/v2\/comments?post=8548"}],"version-history":[{"count":1,"href":"https:\/\/krankenhauspfarramt.de\/index.php\/wp-json\/wp\/v2\/posts\/8548\/revisions"}],"predecessor-version":[{"id":8550,"href":"https:\/\/krankenhauspfarramt.de\/index.php\/wp-json\/wp\/v2\/posts\/8548\/revisions\/8550"}],"wp:featuredmedia":[{"embeddable":true,"href":"https:\/\/krankenhauspfarramt.de\/index.php\/wp-json\/wp\/v2\/media\/8549"}],"wp:attachment":[{"href":"https:\/\/krankenhauspfarramt.de\/index.php\/wp-json\/wp\/v2\/media?parent=8548"}],"wp:term":[{"taxonomy":"category","embeddable":true,"href":"https:\/\/krankenhauspfarramt.de\/index.php\/wp-json\/wp\/v2\/categories?post=8548"},{"taxonomy":"post_tag","embeddable":true,"href":"https:\/\/krankenhauspfarramt.de\/index.php\/wp-json\/wp\/v2\/tags?post=8548"}],"curies":[{"name":"wp","href":"https:\/\/api.w.org\/{rel}","templated":true}]}}