{"id":8551,"date":"2025-08-28T04:55:20","date_gmt":"2025-08-28T04:55:20","guid":{"rendered":"https:\/\/krankenhauspfarramt.de\/index.php\/2025\/08\/28\/neue-website-fuer-matthaeus-gemeinde-bremen-ekd\/"},"modified":"2025-08-28T04:55:24","modified_gmt":"2025-08-28T04:55:24","slug":"neue-website-fuer-matthaeus-gemeinde-bremen-ekd","status":"publish","type":"post","link":"https:\/\/krankenhauspfarramt.de\/index.php\/2025\/08\/28\/neue-website-fuer-matthaeus-gemeinde-bremen-ekd\/","title":{"rendered":"Neue Website f\u00fcr Matth\u00e4us-Gemeinde Bremen \u2013 EKD"},"content":{"rendered":"<p> <br \/>\n<\/p>\n<div id=\"\">\n        <!-- RSPEAK_START --><\/p>\n<header class=\"large-10 columns article--header\">\n<h2 class=\"article--sub-headline primus--sub-headline\">Digitale Sichtbarkeit und barrierefreier Zugang zur Gemeinde<\/h2>\n<\/header>\n<div class=\"large-8 columns large-offset-1 \">\n<p data-end=\"990\" data-start=\"267\">Die Evangelische Matth\u00e4us-Gemeinde in Bremen m\u00f6chte eine neue Website entwickeln, die sowohl technisch als auch gestalterisch den heutigen Anforderungen gerecht wird. Im Fokus stehen eine moderne, barrierefreie Gestaltung, intuitive Nutzerf\u00fchrung und ein leicht pflegbares Redaktionssystem, das es erm\u00f6glicht, aktuelle Inhalte mit geringem Aufwand zu ver\u00f6ffentlichen. Die neue Seite soll insbesondere auch f\u00fcr externe Zielgruppen wie zuf\u00e4llig Suchende oder kirchenferne Personen ein einladendes digitales Schaufenster bieten. Neben einer grundlegenden technischen Modernisierung soll das Design auf ein neues grafisches Erscheinungsbild der Gemeinde abgestimmt werden, das aktuell mit einer Designagentur erarbeitet wird.<\/p>\n<p data-end=\"1067\" data-start=\"992\">Gef\u00f6rdert wird das Projekt mit 18.000 Euro aus dem Digitalinnovationsfonds.<\/p>\n<\/p><\/div>\n<section class=\"large-10 large-offset-1 columns article--section\">\n<figure class=\"article--image image\">\n                                    <picture><source srcset=\"https:\/\/www.ekd.de\/ekd_de\/ds_img\/assets_2835_x\/Ev.%20St.%20Matth%c3%a4us-Gemeinde%20Bremen-Huchting%20Kd%c3%b6R_rdax_945x532.png 1x, https:\/\/www.ekd.de\/ekd_de\/ds_img\/assets_2835_x\/Ev.%20St.%20Matth%c3%a4us-Gemeinde%20Bremen-Huchting%20Kd%c3%b6R_rdax_1890x1064.png 2x, https:\/\/www.ekd.de\/ekd_de\/ds_img\/assets_2835_x\/Ev.%20St.%20Matth%c3%a4us-Gemeinde%20Bremen-Huchting%20Kd%c3%b6R.png 3x\"><\/source><\/picture><figcaption class=\"image--caption\"\/>\n                                  <\/figure>\n<\/section>\n<p>        <!-- RSPEAK_STOP --><\/p>\n<footer class=\"article--footer\">\n<\/footer><\/div>\n","protected":false},"excerpt":{"rendered":"<p>Digitale Sichtbarkeit und barrierefreier Zugang zur Gemeinde Die Evangelische Matth\u00e4us-Gemeinde in Bremen m\u00f6chte eine neue Website entwickeln, die sowohl technisch<\/p>\n","protected":false},"author":2,"featured_media":8552,"comment_status":"closed","ping_status":"closed","sticky":false,"template":"","format":"standard","meta":{"footnotes":""},"categories":[20],"tags":[],"_links":{"self":[{"href":"https:\/\/krankenhauspfarramt.de\/index.php\/wp-json\/wp\/v2\/posts\/8551"}],"collection":[{"href":"https:\/\/krankenhauspfarramt.de\/index.php\/wp-json\/wp\/v2\/posts"}],"about":[{"href":"https:\/\/krankenhauspfarramt.de\/index.php\/wp-json\/wp\/v2\/types\/post"}],"author":[{"embeddable":true,"href":"https:\/\/krankenhauspfarramt.de\/index.php\/wp-json\/wp\/v2\/users\/2"}],"replies":[{"embeddable":true,"href":"https:\/\/krankenhauspfarramt.de\/index.php\/wp-json\/wp\/v2\/comments?post=8551"}],"version-history":[{"count":1,"href":"https:\/\/krankenhauspfarramt.de\/index.php\/wp-json\/wp\/v2\/posts\/8551\/revisions"}],"predecessor-version":[{"id":8553,"href":"https:\/\/krankenhauspfarramt.de\/index.php\/wp-json\/wp\/v2\/posts\/8551\/revisions\/8553"}],"wp:featuredmedia":[{"embeddable":true,"href":"https:\/\/krankenhauspfarramt.de\/index.php\/wp-json\/wp\/v2\/media\/8552"}],"wp:attachment":[{"href":"https:\/\/krankenhauspfarramt.de\/index.php\/wp-json\/wp\/v2\/media?parent=8551"}],"wp:term":[{"taxonomy":"category","embeddable":true,"href":"https:\/\/krankenhauspfarramt.de\/index.php\/wp-json\/wp\/v2\/categories?post=8551"},{"taxonomy":"post_tag","embeddable":true,"href":"https:\/\/krankenhauspfarramt.de\/index.php\/wp-json\/wp\/v2\/tags?post=8551"}],"curies":[{"name":"wp","href":"https:\/\/api.w.org\/{rel}","templated":true}]}}