{"id":8554,"date":"2025-08-28T08:55:52","date_gmt":"2025-08-28T08:55:52","guid":{"rendered":"https:\/\/krankenhauspfarramt.de\/index.php\/2025\/08\/28\/man-spuert-die-bedrohung-ekd\/"},"modified":"2025-08-28T08:55:53","modified_gmt":"2025-08-28T08:55:53","slug":"man-spuert-die-bedrohung-ekd","status":"publish","type":"post","link":"https:\/\/krankenhauspfarramt.de\/index.php\/2025\/08\/28\/man-spuert-die-bedrohung-ekd\/","title":{"rendered":"Man sp\u00fcrt die Bedrohung \u2013 EKD"},"content":{"rendered":"<p> <br \/>\n<\/p>\n<div id=\"\">\n        <!-- RSPEAK_START --><\/p>\n<header class=\"large-10 columns article--header\">\n<div class=\"article--meta article--meta__border clearfix\">\n<p>                                    <time datetime=\"28.08.2025 09:00\" class=\"article--time\">28.08.2025<\/time><\/p>\n<p>                                    <strong class=\"article--type primus--overline\">News<\/strong><\/p>\n<picture class=\"article--source-image image\"><source srcset=\"https:\/\/www.ekd.de\/ekd_de\/ds_img\/assets\/20170329_epd-Quellenlogo_141.png\"><!--<source srcset=\"https:\/\/www.ekd.de\/ekd_de\/ds_img\/assets\/20170329_epd-Quellenlogo_141.png 1x, https:\/\/www.ekd.de\/ekd_de\/ds_img\/assets\/20170329_epd-Quellenlogo_141.png 2x, https:\/\/www.ekd.de\/ekd_de\/ds_img\/assets\/20170329_epd-Quellenlogo_141.png 3x\">--><\/p>\n<p>    <\/source><\/picture>\n<\/p><\/div>\n<\/header>\n<div class=\"large-8 columns large-offset-1 \">\n<p>Berlin (epd). Nach einem Besuch in Kiew hat sich die Bevollm\u00e4chtigte der Evangelischen Kirche in Deutschland (EKD), Anne Gidion, beeindruckt vom Durchhaltewillen der Menschen in dem von Russland angegriffenen Land ge\u00e4u\u00dfert. \u201eMan sp\u00fcrt die unglaubliche Bedrohung, man sp\u00fcrt die Trauer\u201c, sagte Gidion dem Evangelischen Pressedienst (epd). Zugleich sei es eindr\u00fccklich gewesen, \u201ewie insbesondere junge Menschen in der Hauptstadt Kiew ihr Leben leben, auch auf der Stra\u00dfe tanzen\u201c.<\/p>\n<p>Gidion war anl\u00e4sslich des Unabh\u00e4ngigkeitstags der Ukraine auf Einladung des Botschafters des Landes in Deutschland, Oleksii Makeiev, in den vergangenen Tagen in Kiew. Die Vertreterin der evangelischen Kirche gegen\u00fcber der Politik in Berlin und Br\u00fcssel nahm gemeinsam mit Vertretern vieler L\u00e4nder an einer Veranstaltung der aus den USA hervorgegangenen Prayer-Breakfast-Bewegung teil, besuchte die lutherische Gemeinde in Kiew und \u201eSafe Ukraine\u201c, ein von der Diakonie Katastrophenhilfe mit unterst\u00fctztes Jugendprojekt. Der Besuch sollte ein Zeichen der Solidarit\u00e4t mit der Ukraine setzen, sagte Gidion.<\/p>\n<p>Die Bedrohung durch Russland sei allgegenw\u00e4rtig, sagte Gidion: \u201eDas gilt auch f\u00fcr das Gebetstreffen mit \u00fcber tausend Menschen an einem hoch gesch\u00fctzten Ort, dessen Adresse man erst einen Tag vorher erfuhr.\u201c Allgegenw\u00e4rtig seien auch die Alarme vor Angriffen. Alle Menschen seien m\u00fcde, sagte Gidion: \u201eMan sieht, dass das eine seit drei Jahren auch von st\u00e4ndiger Schlaflosigkeit gepr\u00e4gte Gesellschaft ist.\u201c<\/p>\n<p>Beeindruckt habe sie beim Gebetsfr\u00fchst\u00fcck, wie sehr den Menschen der Glaube an Gott in der Situation helfe. \u201eDa ist die Haltung klar zum Ausdruck gekommen: &#8218;Gott steht an unserer Seite, auch wenn wir angegriffen werden.&#8217;\u201c Die Menschen beteten Tag f\u00fcr Tag um Kraft zum Durchhalten, und f\u00fcr Gerechtigkeit und Frieden, sagte die Theologin.<\/p>\n<\/p><\/div>\n<section class=\"large-12 columns article--section article--aside__bottom\">\n    <!-- Test for teaser --><br \/>\n    <!--Val: 1 --><\/p>\n<p>                    \t    <!-- SRC:  --><\/p>\n<aside class=\"article--aside quintus teaser teaser__related rs_skip rs_preserve\">\n<div class=\"teaser--article teaser--content\">\n<figure class=\"teaser--image\">\n                                                    <picture><source media=\"(max-width:935px)\" srcset=\"https:\/\/www.ekd.de\/ekd_de\/ds_img\/assets_1875_x\/tina-hartung-IwLY-pLic_U-unsplash-1875_rdax_625x352_60s.jpg 1x, https:\/\/www.ekd.de\/ekd_de\/ds_img\/assets_1875_x\/tina-hartung-IwLY-pLic_U-unsplash-1875_rdax_1250x704_60s.jpg 2x, https:\/\/www.ekd.de\/ekd_de\/ds_img\/assets_1875_x\/tina-hartung-IwLY-pLic_U-unsplash-1875_rdax_60s.jpg 3x\"><source media=\"(min-width:934px)\" srcset=\"https:\/\/www.ekd.de\/ekd_de\/ds_img\/assets_1875_x\/tina-hartung-IwLY-pLic_U-unsplash-1875_rdax_360x203_70s.jpg 1x, https:\/\/www.ekd.de\/ekd_de\/ds_img\/assets_1875_x\/tina-hartung-IwLY-pLic_U-unsplash-1875_rdax_720x406_70s.jpg 2x, https:\/\/www.ekd.de\/ekd_de\/ds_img\/assets_1875_x\/tina-hartung-IwLY-pLic_U-unsplash-1875_rdax_1080x608_70s.jpg 3x\"><img decoding=\"async\" src=\"https:\/\/www.ekd.de\/ekd_de\/ds_img\/assets_1875_x\/tina-hartung-IwLY-pLic_U-unsplash-1875_rdax_625x352_60s.jpg\" alt=\"Holzwand in den Farben der ukrainischen Flagge\"\/><br \/>\n                                                    <\/source><\/source><\/picture><figcaption\/>\n                                                <\/figure>\n<p class=\"quintus--text teaser--text\">Bez\u00fcglich des russischen Angriffs auf die Ukraine fordert die Evangelische Kirche konkrete Friedensbem\u00fchungen. Die Kirchenkonferenz sprach den Betroffenen der Gewalt ihre Achtung und ihr tiefes Mitgef\u00fchl aus. Die Themenseite b\u00fcndelt aktuelle Meldungen und Stellungnahmen zum Ukraine-Konflikt.<\/p>\n<\/p><\/div>\n<\/aside>\n<div class=\"article--content\">\n<p>Die Waffenlieferungen Deutschlands an die Ukraine hatten vor drei Jahren eine Debatte in der evangelischen Kirche \u00fcber die Rechtfertigung der Anwendung milit\u00e4rischer Gewalt neu entfacht. Im November will die EKD eine neue Denkschrift zu dem Thema vorstellen. \u201eIch denke, wir setzen damit genau das richtige Wort zur rechten Zeit\u201c, sagte Gidion. In der evangelischen Kirche sei das Bewusstsein daf\u00fcr gewachsen, \u201edass die Sicherheit und die Freiheit notfalls auch milit\u00e4risch verteidigt werden m\u00fcssen\u201c. Die Einsicht, dass es notwendig sein k\u00f6nne, zur Sicherung des Friedens in Freiheit Gewalt anzuwenden, stehe nicht im Widerspruch zum christlichen Glauben, sagte sie.<\/p>\n<\/p><\/div>\n<\/section>\n<p>        <!-- RSPEAK_STOP --><\/p>\n<footer class=\"article--footer\">\n<\/footer><\/div>\n","protected":false},"excerpt":{"rendered":"<p>28.08.2025 News Berlin (epd). Nach einem Besuch in Kiew hat sich die Bevollm\u00e4chtigte der Evangelischen Kirche in Deutschland (EKD), Anne<\/p>\n","protected":false},"author":2,"featured_media":8555,"comment_status":"closed","ping_status":"closed","sticky":false,"template":"","format":"standard","meta":{"footnotes":""},"categories":[20],"tags":[],"_links":{"self":[{"href":"https:\/\/krankenhauspfarramt.de\/index.php\/wp-json\/wp\/v2\/posts\/8554"}],"collection":[{"href":"https:\/\/krankenhauspfarramt.de\/index.php\/wp-json\/wp\/v2\/posts"}],"about":[{"href":"https:\/\/krankenhauspfarramt.de\/index.php\/wp-json\/wp\/v2\/types\/post"}],"author":[{"embeddable":true,"href":"https:\/\/krankenhauspfarramt.de\/index.php\/wp-json\/wp\/v2\/users\/2"}],"replies":[{"embeddable":true,"href":"https:\/\/krankenhauspfarramt.de\/index.php\/wp-json\/wp\/v2\/comments?post=8554"}],"version-history":[{"count":1,"href":"https:\/\/krankenhauspfarramt.de\/index.php\/wp-json\/wp\/v2\/posts\/8554\/revisions"}],"predecessor-version":[{"id":8556,"href":"https:\/\/krankenhauspfarramt.de\/index.php\/wp-json\/wp\/v2\/posts\/8554\/revisions\/8556"}],"wp:featuredmedia":[{"embeddable":true,"href":"https:\/\/krankenhauspfarramt.de\/index.php\/wp-json\/wp\/v2\/media\/8555"}],"wp:attachment":[{"href":"https:\/\/krankenhauspfarramt.de\/index.php\/wp-json\/wp\/v2\/media?parent=8554"}],"wp:term":[{"taxonomy":"category","embeddable":true,"href":"https:\/\/krankenhauspfarramt.de\/index.php\/wp-json\/wp\/v2\/categories?post=8554"},{"taxonomy":"post_tag","embeddable":true,"href":"https:\/\/krankenhauspfarramt.de\/index.php\/wp-json\/wp\/v2\/tags?post=8554"}],"curies":[{"name":"wp","href":"https:\/\/api.w.org\/{rel}","templated":true}]}}