{"id":8560,"date":"2025-08-29T05:49:03","date_gmt":"2025-08-29T05:49:03","guid":{"rendered":"https:\/\/krankenhauspfarramt.de\/index.php\/2025\/08\/29\/10-jahre-wir-schaffen-das-ekd\/"},"modified":"2025-08-29T05:49:04","modified_gmt":"2025-08-29T05:49:04","slug":"10-jahre-wir-schaffen-das-ekd","status":"publish","type":"post","link":"https:\/\/krankenhauspfarramt.de\/index.php\/2025\/08\/29\/10-jahre-wir-schaffen-das-ekd\/","title":{"rendered":"10 Jahre \u201eWir schaffen das\u201c \u2013 EKD"},"content":{"rendered":"<p> <br \/>\n<\/p>\n<div id=\"\">\n<div class=\"article--meta article--meta__border clearfix\">\n<p>                                    <time datetime=\"29.08.2025 07:00\" class=\"article--time\">29.08.2025<\/time><\/p>\n<p>                                     <strong class=\"article--type primus--overline\">Pressemitteilung<\/strong><\/p>\n<picture class=\"article--source-image image\"><source srcset=\"https:\/\/www.ekd.de\/ekd_de\/ds_img\/assets\/20170622_ekd-Quellenlogo_141_rdax_423x118.png\"><!--<source srcset=\"\/ekd_de\/ds_img\/assets\/20170622_ekd-Quellenlogo_141_rdax_141x39.png 1x, \/ekd_de\/ds_img\/assets\/20170622_ekd-Quellenlogo_141_rdax_282x78.png 2x, https:\/\/www.ekd.de\/ekd_de\/ds_img\/assets\/20170622_ekd-Quellenlogo_141_rdax_423x118.png 3x\">--><\/p>\n<p>    <\/source><\/picture>\n<\/p><\/div>\n<h2 class=\"article--sub-headline primus--sub-headline\">EKD dankt allen, die unendlich viel geschafft haben<\/h2>\n<\/p><\/div>\n<div id=\"\">\n<p>Zehn Jahre nach dem Satz von Bundeskanzlerin Angela Merkel \u201eWir schaffen das\u201c w\u00fcrdigt die Evangelische Kirche in Deutschland (EKD) das Engagement unz\u00e4hliger Menschen f\u00fcr Schutzsuchende in Deutschland. Christian St\u00e4blein, der Beauftragte f\u00fcr Fl\u00fcchtlingsfragen der EKD und Bischof der Evangelischen Kirche Berlin-Brandenburg-schlesische Oberlausitz (EKBO), sagt:<\/p>\n<p>\u201eDie Zuversicht, die in dem viel zitierten Ausspruch \u201aWir schaffen das\u2018 liegt, wird Wirklichkeit, wo und wenn viele Menschen mittragen. Wenn viele Menschen Solidarit\u00e4t zeigen und N\u00e4chstenliebe leben, an unz\u00e4hligen Stellen und in ganz unterschiedlichen Formen: von tatkr\u00e4ftiger Hilfe bis zu gro\u00dfz\u00fcgigen Spenden\u201c, so St\u00e4blein.<\/p>\n<p>\u201eEinzelpersonen und Einrichtungen haben Gefl\u00fcchtete aufgenommen. Menschen jeglichen Alters, aus allen Schichten unserer Gesellschaft haben Gefl\u00fcchtete begleitet. Helferinnen und Helfer haben den Schutzsuchenden geholfen, ihnen zugeh\u00f6rt, sie getr\u00f6stet, mit ihnen gebetet. Sie haben in ihnen ihre N\u00e4chsten gesehen, Menschen in der W\u00fcrde Gottes.\u201c An vielen Stellen seien Ehrenamtliche und Hauptamtliche \u00fcber sich hinausgewachsen, so St\u00e4blein.<\/p>\n<p>St\u00e4blein erinnerte daran, dass staatliche Stellen die gro\u00dfe Herausforderung von 2015 ohne den Einsatz von Zivilgesellschaft nicht h\u00e4tten bew\u00e4ltigen k\u00f6nnen. \u201eWir danken f\u00fcr dieses Engagement. Wir danken allen Engagierten, die unendlich viel geschafft haben. Im R\u00fcckblick ist zu sehen: Es wurde in den letzten zehn Jahren enorm viel erreicht.\u201c Dass heute 64 Prozent der Gefl\u00fcchteten, die 2015 nach Deutschland kamen, in Arbeit sind, sei nicht zuletzt ein Verdienst derer, die Ausbildungs- und Arbeitspl\u00e4tze vermittelt haben, so der Bischof. Durch ihre Bereitschaft, Menschen bei Beh\u00f6rdeng\u00e4ngen zu begleiten, Sprachkurse zu erm\u00f6glichen und viele weitere H\u00fcrden mit ihnen zu \u00fcberwinden, h\u00e4tten Helferinnen und Helfer Schutzsuchenden eine neue Zukunft und Heimat er\u00f6ffnet.<\/p>\n<p>St\u00e4blein: \u201eUnser Dank als evangelische Kirche richtet sich an die unz\u00e4hligen Menschen in Nachbarschaften und Freundeskreisen, in Kirchengemeinden und Vereinen, Unternehmen, in Schulen und Kinderg\u00e4rten, Beh\u00f6rden und Rath\u00e4usern. Vom Fu\u00dfballclub bis zur Freiwilligen Feuerwehr, \u00fcber Jugendgruppen, Migrantenselbstorganisationen bis hin zu Einzelpersonen. Sie alle haben neue Wege beschritten und Neues entdeckt: andere Menschen, neue Mitstreiterinnen und Mitstreiter, gegenseitige St\u00e4rkung \u2013 und auch ihre eigene Energie, Mut und Kompetenz.\u201c Diese gesamtgesellschaftliche Lernerfahrung m\u00f6chte er nicht missen, betonte St\u00e4blein. \u201eAlle, die sich eingebracht haben \u2013 und immer noch einbringen \u2013, sind Teil einer gro\u00dfen Geschichte und zugleich Teil eines starken Deutschlands. Und es ist eine reiche Ernte f\u00fcr beide Seiten: f\u00fcr diejenigen, die Schutz gefunden haben, und f\u00fcr alle, die erlebt haben: Ich kann helfen und bin wichtig f\u00fcr andere. Dieses gute Gef\u00fchl st\u00e4rkt unsere ganze Gesellschaft.\u201c<\/p>\n<p>Hannover, 29. August 2025<\/p>\n<p>Pressestelle der EKD<br \/>Lisa Schaube<\/p>\n<\/div>\n","protected":false},"excerpt":{"rendered":"<p>29.08.2025 Pressemitteilung EKD dankt allen, die unendlich viel geschafft haben Zehn Jahre nach dem Satz von Bundeskanzlerin Angela Merkel \u201eWir<\/p>\n","protected":false},"author":2,"featured_media":8322,"comment_status":"closed","ping_status":"closed","sticky":false,"template":"","format":"standard","meta":{"footnotes":""},"categories":[20],"tags":[],"_links":{"self":[{"href":"https:\/\/krankenhauspfarramt.de\/index.php\/wp-json\/wp\/v2\/posts\/8560"}],"collection":[{"href":"https:\/\/krankenhauspfarramt.de\/index.php\/wp-json\/wp\/v2\/posts"}],"about":[{"href":"https:\/\/krankenhauspfarramt.de\/index.php\/wp-json\/wp\/v2\/types\/post"}],"author":[{"embeddable":true,"href":"https:\/\/krankenhauspfarramt.de\/index.php\/wp-json\/wp\/v2\/users\/2"}],"replies":[{"embeddable":true,"href":"https:\/\/krankenhauspfarramt.de\/index.php\/wp-json\/wp\/v2\/comments?post=8560"}],"version-history":[{"count":1,"href":"https:\/\/krankenhauspfarramt.de\/index.php\/wp-json\/wp\/v2\/posts\/8560\/revisions"}],"predecessor-version":[{"id":8561,"href":"https:\/\/krankenhauspfarramt.de\/index.php\/wp-json\/wp\/v2\/posts\/8560\/revisions\/8561"}],"wp:featuredmedia":[{"embeddable":true,"href":"https:\/\/krankenhauspfarramt.de\/index.php\/wp-json\/wp\/v2\/media\/8322"}],"wp:attachment":[{"href":"https:\/\/krankenhauspfarramt.de\/index.php\/wp-json\/wp\/v2\/media?parent=8560"}],"wp:term":[{"taxonomy":"category","embeddable":true,"href":"https:\/\/krankenhauspfarramt.de\/index.php\/wp-json\/wp\/v2\/categories?post=8560"},{"taxonomy":"post_tag","embeddable":true,"href":"https:\/\/krankenhauspfarramt.de\/index.php\/wp-json\/wp\/v2\/tags?post=8560"}],"curies":[{"name":"wp","href":"https:\/\/api.w.org\/{rel}","templated":true}]}}