{"id":8562,"date":"2025-08-29T09:20:39","date_gmt":"2025-08-29T09:20:39","guid":{"rendered":"https:\/\/krankenhauspfarramt.de\/index.php\/2025\/08\/29\/ekd-dankt-zivilgesellschaft-fuer-engagement-fuer-fluechtlinge-ekd\/"},"modified":"2025-08-29T09:20:40","modified_gmt":"2025-08-29T09:20:40","slug":"ekd-dankt-zivilgesellschaft-fuer-engagement-fuer-fluechtlinge-ekd","status":"publish","type":"post","link":"https:\/\/krankenhauspfarramt.de\/index.php\/2025\/08\/29\/ekd-dankt-zivilgesellschaft-fuer-engagement-fuer-fluechtlinge-ekd\/","title":{"rendered":"EKD dankt Zivilgesellschaft f\u00fcr Engagement f\u00fcr Fl\u00fcchtlinge \u2013 EKD"},"content":{"rendered":"<p> <br \/>\n<\/p>\n<div id=\"\">\n        <!-- RSPEAK_START --><\/p>\n<header class=\"large-10 columns article--header\">\n<div class=\"article--meta article--meta__border clearfix\">\n<p>                                    <time datetime=\"29.08.2025 10:00\" class=\"article--time\">29.08.2025<\/time><\/p>\n<p>                                    <strong class=\"article--type primus--overline\">News<\/strong><\/p>\n<picture class=\"article--source-image image\"><source srcset=\"https:\/\/www.ekd.de\/ekd_de\/ds_img\/assets\/20170329_epd-Quellenlogo_141.png\"><!--<source srcset=\"https:\/\/www.ekd.de\/ekd_de\/ds_img\/assets\/20170329_epd-Quellenlogo_141.png 1x, https:\/\/www.ekd.de\/ekd_de\/ds_img\/assets\/20170329_epd-Quellenlogo_141.png 2x, https:\/\/www.ekd.de\/ekd_de\/ds_img\/assets\/20170329_epd-Quellenlogo_141.png 3x\">--><\/p>\n<p>    <\/source><\/picture>\n<\/p><\/div>\n<\/header>\n<div class=\"large-8 columns large-offset-1 \">\n<p>Hannover (epd). Zehn Jahre nach Angela Merkels (CDU) Satz \u201eWir schaffen das\u201c w\u00fcrdigt die Evangelische Kirche in Deutschland (EKD) das Engagement unz\u00e4hliger Menschen f\u00fcr Schutzsuchende in Deutschland. Ohne den Einsatz der Zivilgesellschaft h\u00e4tten staatliche Stellen die gro\u00dfe Herausforderung von 2015 nicht bew\u00e4ltigen k\u00f6nnen, sagte Christian St\u00e4blein, der Beauftragte f\u00fcr Fl\u00fcchtlingsfragen der EKD und Bischof der Evangelischen Kirche Berlin-Brandenburg-schlesische Oberlausitz (EKBO), am Freitag.<\/p>\n<p>\u201eWir danken f\u00fcr dieses Engagement. Wir danken allen Engagierten, die unendlich viel geschafft haben\u201c, erkl\u00e4rte St\u00e4blein. Der Theologe erinnerte daran, dass Einzelpersonen und Einrichtungen Gefl\u00fcchtete aufgenommen haben. Helferinnen und Helfer h\u00e4tten den Schutzsuchenden geholfen, ihnen zugeh\u00f6rt, sie getr\u00f6stet, mit ihnen gebetet. An vielen Stellen seien Ehrenamtliche und Hauptamtliche \u00fcber sich hinausgewachsen, so der Bischof.<\/p>\n<p>Im R\u00fcckblick sei zu sehen: \u201eEs wurde in den letzten zehn Jahren enorm viel erreicht\u201c, bilanzierte St\u00e4blein. Dass heute 64 Prozent der Gefl\u00fcchteten, die 2015 nach Deutschland kamen, in Arbeit seien, sei nicht zuletzt ein Verdienst derer, die Ausbildungs- und Arbeitspl\u00e4tze vermittelt haben, sagte der Bischof. Durch ihre Bereitschaft, Menschen bei Beh\u00f6rdeng\u00e4ngen zu begleiten, Sprachkurse zu erm\u00f6glichen und viele weitere H\u00fcrden mit ihnen zu \u00fcberwinden, h\u00e4tten Helfer Schutzsuchenden eine neue Zukunft und Heimat er\u00f6ffnet.<\/p>\n<\/p><\/div>\n<p>        <!-- RSPEAK_STOP --><\/p>\n<footer class=\"article--footer\">\n<\/footer><\/div>\n","protected":false},"excerpt":{"rendered":"<p>29.08.2025 News Hannover (epd). Zehn Jahre nach Angela Merkels (CDU) Satz \u201eWir schaffen das\u201c w\u00fcrdigt die Evangelische Kirche in Deutschland<\/p>\n","protected":false},"author":2,"featured_media":8563,"comment_status":"closed","ping_status":"closed","sticky":false,"template":"","format":"standard","meta":{"footnotes":""},"categories":[20],"tags":[],"_links":{"self":[{"href":"https:\/\/krankenhauspfarramt.de\/index.php\/wp-json\/wp\/v2\/posts\/8562"}],"collection":[{"href":"https:\/\/krankenhauspfarramt.de\/index.php\/wp-json\/wp\/v2\/posts"}],"about":[{"href":"https:\/\/krankenhauspfarramt.de\/index.php\/wp-json\/wp\/v2\/types\/post"}],"author":[{"embeddable":true,"href":"https:\/\/krankenhauspfarramt.de\/index.php\/wp-json\/wp\/v2\/users\/2"}],"replies":[{"embeddable":true,"href":"https:\/\/krankenhauspfarramt.de\/index.php\/wp-json\/wp\/v2\/comments?post=8562"}],"version-history":[{"count":1,"href":"https:\/\/krankenhauspfarramt.de\/index.php\/wp-json\/wp\/v2\/posts\/8562\/revisions"}],"predecessor-version":[{"id":8564,"href":"https:\/\/krankenhauspfarramt.de\/index.php\/wp-json\/wp\/v2\/posts\/8562\/revisions\/8564"}],"wp:featuredmedia":[{"embeddable":true,"href":"https:\/\/krankenhauspfarramt.de\/index.php\/wp-json\/wp\/v2\/media\/8563"}],"wp:attachment":[{"href":"https:\/\/krankenhauspfarramt.de\/index.php\/wp-json\/wp\/v2\/media?parent=8562"}],"wp:term":[{"taxonomy":"category","embeddable":true,"href":"https:\/\/krankenhauspfarramt.de\/index.php\/wp-json\/wp\/v2\/categories?post=8562"},{"taxonomy":"post_tag","embeddable":true,"href":"https:\/\/krankenhauspfarramt.de\/index.php\/wp-json\/wp\/v2\/tags?post=8562"}],"curies":[{"name":"wp","href":"https:\/\/api.w.org\/{rel}","templated":true}]}}