{"id":8565,"date":"2025-08-29T13:22:05","date_gmt":"2025-08-29T13:22:05","guid":{"rendered":"https:\/\/krankenhauspfarramt.de\/index.php\/2025\/08\/29\/80-jahre-evangelische-kirche-in-deutschland-ekd\/"},"modified":"2025-08-29T13:22:06","modified_gmt":"2025-08-29T13:22:06","slug":"80-jahre-evangelische-kirche-in-deutschland-ekd","status":"publish","type":"post","link":"https:\/\/krankenhauspfarramt.de\/index.php\/2025\/08\/29\/80-jahre-evangelische-kirche-in-deutschland-ekd\/","title":{"rendered":"80 Jahre Evangelische Kirche in Deutschland \u2013 EKD"},"content":{"rendered":"<p> <br \/>\n<\/p>\n<div id=\"\">\n        <!-- RSPEAK_START --><\/p>\n<header class=\"large-10 columns article--header\">\n<div class=\"article--meta article--meta__border clearfix\">\n<p>                                    <time datetime=\"31.08.2025 00:00\" class=\"article--time\">31.08.2025<\/time><\/p>\n<p>                                    <strong class=\"article--type primus--overline\">News<\/strong><\/p>\n<picture class=\"article--source-image image\"><source srcset=\"https:\/\/www.ekd.de\/ekd_de\/ds_img\/assets\/20170622_ekd-Quellenlogo_141_rdax_423x118.png\"><!--<source srcset=\"\/ekd_de\/ds_img\/assets\/20170622_ekd-Quellenlogo_141_rdax_141x39.png 1x, \/ekd_de\/ds_img\/assets\/20170622_ekd-Quellenlogo_141_rdax_282x78.png 2x, https:\/\/www.ekd.de\/ekd_de\/ds_img\/assets\/20170622_ekd-Quellenlogo_141_rdax_423x118.png 3x\">--><\/p>\n<p>    <\/source><\/picture>\n<\/p><\/div>\n<h2 class=\"article--sub-headline primus--sub-headline\">Ratsvorsitzende Kirsten Fehrs: \u201eWir sind eine Kirche, die nie stehenbleibt\u201c<\/h2>\n<\/header>\n<div class=\"large-8 columns large-offset-1 \">\n<p>Anl\u00e4sslich des 80-j\u00e4hrigen Bestehens der Evangelischen Kirche in Deutschland hebt Ratsvorsitzende Kirsten Fehrs die vielf\u00e4ltige Engagement innerhalb der Kirche hervor. \u201eIch bin voll Dankbarkeit f\u00fcr all die Menschen, die Tag f\u00fcr Tag evangelische Kirche gestalten: im Kirchenvorstand, im Kindergottesdienst, im Posaunenchor, in der Jugendarbeit, in der Seelsorge, im diakonischen Engagement und in all dem gelebten Glauben, der sich nicht in Strukturen fassen l\u00e4sst. Ihr macht unsere Kirche lebendig!\u201c, erkl\u00e4rte Fehrs. Dank sprach sie auch den Landeskirchen, \u00f6kumenischen Partnern sowie Akteuren in Politik und Gesellschaft f\u00fcr die verl\u00e4ssliche Zusammenarbeit aus.<\/p>\n<p>Das Jubil\u00e4um sei aber nicht nur Anlass zur Freude, sondern auch zur Erinnerung \u201ean unsere Schuld im Nationalsozialismus und an die Verantwortung im Umgang mit sexualisierter Gewalt\u201c, so die Ratsvorsitzende. \u201eIch danke allen, die diese Aufarbeitung unerm\u00fcdlich vorantreiben und uns so den Weg in die Zukunft \u00f6ffnen.\u201c<\/p>\n<p>Gleichzeitig unterstrich Fehrs den Willen zur Erneuerung: \u201eAus unserem Selbstverst\u00e4ndnis als Kirche, die nie stehenbleibt, richten wir den Blick nach vorn: vernetzter, gemeinsamer, nah bei den Menschen unseren Auftrag zu gestalten. Mit Prozessen wie Synergie 2.0 sind wir da auf einem guten Weg. Und darin liegt f\u00fcr uns die eigentliche Feier: dass wir gemeinsam unterwegs sind \u2013 im Vertrauen auf Christus und im Dienst an den Menschen in unserer Gesellschaft.\u201c<\/p>\n<\/p><\/div>\n<section class=\"large-10 large-offset-1 columns article--section\">\n<figure class=\"article--image image\">\n                                    <picture><source srcset=\"https:\/\/www.ekd.de\/ekd_de\/ds_img\/assets_2835_x\/211110_Kirsten_Fehrs_epdbild2835x1596_rdax_945x532p.jpg 1x, https:\/\/www.ekd.de\/ekd_de\/ds_img\/assets_2835_x\/211110_Kirsten_Fehrs_epdbild2835x1596_rdax_1890x1064p.jpg 2x, https:\/\/www.ekd.de\/ekd_de\/ds_img\/assets_2835_x\/211110_Kirsten_Fehrs_epdbild2835x1596.jpg 3x\"><img decoding=\"async\" src=\"https:\/\/www.ekd.de\/ekd_de\/ds_img\/assets_2835_x\/211110_Kirsten_Fehrs_epdbild2835x1596_rdax_945x532p.jpg\" alt=\"Kirsten Fehrs ist neue stellvertretende EKD-Ratsvorsitzende\" title=\"Kirsten Fehrs ist neue stellvertretende EKD-Ratsvorsitzende\"\/><br \/>\n                                    <\/source><\/picture><figcaption class=\"image--caption\"\/>\n                                  <\/figure>\n<\/section>\n<p>        <!-- RSPEAK_STOP --><\/p>\n<footer class=\"article--footer\">\n<\/footer><\/div>\n","protected":false},"excerpt":{"rendered":"<p>31.08.2025 News Ratsvorsitzende Kirsten Fehrs: \u201eWir sind eine Kirche, die nie stehenbleibt\u201c Anl\u00e4sslich des 80-j\u00e4hrigen Bestehens der Evangelischen Kirche in<\/p>\n","protected":false},"author":2,"featured_media":7845,"comment_status":"closed","ping_status":"closed","sticky":false,"template":"","format":"standard","meta":{"footnotes":""},"categories":[20],"tags":[],"_links":{"self":[{"href":"https:\/\/krankenhauspfarramt.de\/index.php\/wp-json\/wp\/v2\/posts\/8565"}],"collection":[{"href":"https:\/\/krankenhauspfarramt.de\/index.php\/wp-json\/wp\/v2\/posts"}],"about":[{"href":"https:\/\/krankenhauspfarramt.de\/index.php\/wp-json\/wp\/v2\/types\/post"}],"author":[{"embeddable":true,"href":"https:\/\/krankenhauspfarramt.de\/index.php\/wp-json\/wp\/v2\/users\/2"}],"replies":[{"embeddable":true,"href":"https:\/\/krankenhauspfarramt.de\/index.php\/wp-json\/wp\/v2\/comments?post=8565"}],"version-history":[{"count":1,"href":"https:\/\/krankenhauspfarramt.de\/index.php\/wp-json\/wp\/v2\/posts\/8565\/revisions"}],"predecessor-version":[{"id":8566,"href":"https:\/\/krankenhauspfarramt.de\/index.php\/wp-json\/wp\/v2\/posts\/8565\/revisions\/8566"}],"wp:featuredmedia":[{"embeddable":true,"href":"https:\/\/krankenhauspfarramt.de\/index.php\/wp-json\/wp\/v2\/media\/7845"}],"wp:attachment":[{"href":"https:\/\/krankenhauspfarramt.de\/index.php\/wp-json\/wp\/v2\/media?parent=8565"}],"wp:term":[{"taxonomy":"category","embeddable":true,"href":"https:\/\/krankenhauspfarramt.de\/index.php\/wp-json\/wp\/v2\/categories?post=8565"},{"taxonomy":"post_tag","embeddable":true,"href":"https:\/\/krankenhauspfarramt.de\/index.php\/wp-json\/wp\/v2\/tags?post=8565"}],"curies":[{"name":"wp","href":"https:\/\/api.w.org\/{rel}","templated":true}]}}