{"id":8567,"date":"2025-09-02T13:57:36","date_gmt":"2025-09-02T13:57:36","guid":{"rendered":"https:\/\/krankenhauspfarramt.de\/index.php\/2025\/09\/02\/kirchen-starten-schoepfungszeit-appell-fuer-oekologische-zukunft-ekd\/"},"modified":"2025-09-02T13:57:37","modified_gmt":"2025-09-02T13:57:37","slug":"kirchen-starten-schoepfungszeit-appell-fuer-oekologische-zukunft-ekd","status":"publish","type":"post","link":"https:\/\/krankenhauspfarramt.de\/index.php\/2025\/09\/02\/kirchen-starten-schoepfungszeit-appell-fuer-oekologische-zukunft-ekd\/","title":{"rendered":"Kirchen starten Sch\u00f6pfungszeit &#8211; Appell f\u00fcr \u00f6kologische Zukunft \u2013 EKD"},"content":{"rendered":"<p> <br \/>\n<\/p>\n<div id=\"\">\n        <!-- RSPEAK_START --><\/p>\n<header class=\"large-10 columns article--header\">\n<div class=\"article--meta article--meta__border clearfix\">\n<p>                                    <time datetime=\"02.09.2025 12:00\" class=\"article--time\">02.09.2025<\/time><\/p>\n<p>                                    <strong class=\"article--type primus--overline\">News<\/strong><\/p>\n<picture class=\"article--source-image image\"><source srcset=\"https:\/\/www.ekd.de\/ekd_de\/ds_img\/assets\/20170329_epd-Quellenlogo_141.png\"><!--<source srcset=\"https:\/\/www.ekd.de\/ekd_de\/ds_img\/assets\/20170329_epd-Quellenlogo_141.png 1x, https:\/\/www.ekd.de\/ekd_de\/ds_img\/assets\/20170329_epd-Quellenlogo_141.png 2x, https:\/\/www.ekd.de\/ekd_de\/ds_img\/assets\/20170329_epd-Quellenlogo_141.png 3x\">--><\/p>\n<p>    <\/source><\/picture>\n<\/p><\/div>\n<\/header>\n<div class=\"large-8 columns large-offset-1 \">\n<p>Frankfurt a.M. (epd). Kirchen verschiedener Konfessionen haben am Montag ihre Aktion Sch\u00f6pfungszeit gestartet. Die bis 4. Oktober andauernde Initiative widmet sich unter anderem der Klimakrise und anderen \u00f6kologischen Herausforderungen. In diesem Rahmen l\u00e4dt die Arbeitsgemeinschaft Christlicher Kirchen (ACK) am 5. September zur Feier des Tags der Sch\u00f6pfung ein. Der Gedenktag verbindet laut ACK die weltweite Sch\u00f6pfungszeit vom 1. September bis zum Gedenktag des Heiligen Franz von Assisi am 4. Oktober mit der besonderen Tradition \u00f6kumenischer Zusammenarbeit.<\/p>\n<p>Seinen Ursprung hat der Tag der Sch\u00f6pfung in einer Initiative der orthodoxen Kirchen. Das \u00d6kumenische Patriarchat von Konstantinopel mit Sitz im heutigen Istanbul wies bereits fr\u00fch auf die Umweltproblematik hin. \u201eDie Orthodoxie ist in ihrem Glauben, ihrem Gottesdienst und ihrem Zeugnis gegen\u00fcber der Welt sozusagen die umweltfreundliche Form des Christentums\u201c, hei\u00dft es in der diesj\u00e4hrigen Botschaft von Patriarch Bartholom\u00e4us I. zum Feiertag des Gebets f\u00fcr die nat\u00fcrliche Umwelt am 1. September, der von orthodoxen, aber auch anderen Kirchen weltweit begangen wird.<\/p>\n<p>Patriarch Bartholom\u00e4us I. betonte, dass der aus seiner Sicht falsche Glaube an eine \u201eselbstregulierende Wirtschaft\u201c und die unbegrenzte Regenerationsf\u00e4higkeit der Natur \u00fcberwunden werden m\u00fcsse. Angesichts von Umweltzerst\u00f6rung, Klimawandel und kriegerischer Gewalt stehe die Zukunft des Lebens auf der Erde auf dem Spiel: \u201eDie Zukunft des Lebens auf unserem Planeten wird entweder \u00f6kologisch und friedlich sein &#8211; oder gar nicht existieren.\u201c<\/p>\n<p>J\u00e4hrlich im Herbst rufen Kirchen unterschiedlicher Konfessionen weltweit zur Aktion Sch\u00f6pfungszeit auf. Die Dritte Europ\u00e4ische \u00d6kumenische Versammlung im Jahr 2007 im rum\u00e4nischen Sibiu (Hermannstadt) hatte die Sch\u00f6pfungszeit ins Leben gerufen. \u201eWir verpflichten uns dazu, auf Vers\u00f6hnung zwischen Menschheit und Natur hinzuwirken\u201c, hie\u00df es damals. Botschafter der Initiative in Deutschland ist Thorsten Latzel, Pr\u00e4ses der Evangelischen Kirche im Rheinland.<\/p>\n<\/p><\/div>\n<section class=\"large-12 columns article--section article--aside__bottom\">\n    <!-- Test for teaser --><br \/>\n    <!--Val: 1 --><\/p>\n<p>                    \t    <!-- SRC:  --><\/p>\n<aside class=\"article--aside quintus teaser teaser__related rs_skip rs_preserve\">\n<div class=\"teaser--article teaser--content\">\n<figure class=\"teaser--image\">\n                                                    <picture><source media=\"(max-width:935px)\" srcset=\"https:\/\/www.ekd.de\/ekd_de\/ds_img\/assets_1875_x\/20180710_SDG_Icons_1875_rdax_625x352_60p.jpg 1x, https:\/\/www.ekd.de\/ekd_de\/ds_img\/assets_1875_x\/20180710_SDG_Icons_1875_rdax_1250x704_60p.jpg 2x, https:\/\/www.ekd.de\/ekd_de\/ds_img\/assets_1875_x\/20180710_SDG_Icons_1875_rdax_60p.jpg 3x\"><source media=\"(min-width:934px)\" srcset=\"https:\/\/www.ekd.de\/ekd_de\/ds_img\/assets_1875_x\/20180710_SDG_Icons_1875_rdax_360x203_70p.jpg 1x, https:\/\/www.ekd.de\/ekd_de\/ds_img\/assets_1875_x\/20180710_SDG_Icons_1875_rdax_720x406_70p.jpg 2x, https:\/\/www.ekd.de\/ekd_de\/ds_img\/assets_1875_x\/20180710_SDG_Icons_1875_rdax_1080x608_70p.jpg 3x\"><img decoding=\"async\" src=\"https:\/\/www.ekd.de\/ekd_de\/ds_img\/assets_1875_x\/20180710_SDG_Icons_1875_rdax_625x352_60p.jpg\" alt=\"Bunte Grafik zu den Sustainable Development Goals\"\/><br \/>\n                                                    <\/source><\/source><\/picture><figcaption\/>\n                                                <\/figure>\n<p class=\"quintus--text teaser--text\">Auf der Themenseite zu Nachhaltigkeit und Kirche finden Sie wissenschaftliche Fakten, theologische Beitr\u00e4ge und kirchliche Positionen sowie aktuelle Informationen zur nachhaltigen Entwicklung und viele Beispiele, wie sich Christen und Kirchengemeinden engagieren.<\/p>\n<\/p><\/div>\n<\/aside>\n<div class=\"article--content\">\n<p>Der 16. \u00d6kumenische Tag der Sch\u00f6pfung der ACK wird am 5. September auf dem Gel\u00e4nde des landwirtschaftlichen Versuchs- und Bildungszentrum \u201eHaus D\u00fcsse\u201d bei Bad Sassendorf in Nordrhein-Westfalen gefeiert. Das Motto f\u00fcr den \u00d6kumenischen Tag der Sch\u00f6pfung 2025 lautet: \u201cGott, Du hilfst Menschen und Tieren&#8220;. Dieses Motto ist aus Worten des 36. Psalms abgeleitet. In der Arbeitsgemeinschaft Christlicher Kirchen in Deutschland (ACK) sind zurzeit 25 Kirchen als Mitglieder und G\u00e4ste versammelt.<\/p>\n<\/p><\/div>\n<\/section>\n<p>        <!-- RSPEAK_STOP --><\/p>\n<footer class=\"article--footer\">\n<\/footer><\/div>\n","protected":false},"excerpt":{"rendered":"<p>02.09.2025 News Frankfurt a.M. (epd). Kirchen verschiedener Konfessionen haben am Montag ihre Aktion Sch\u00f6pfungszeit gestartet. Die bis 4. Oktober andauernde<\/p>\n","protected":false},"author":2,"featured_media":8568,"comment_status":"closed","ping_status":"closed","sticky":false,"template":"","format":"standard","meta":{"footnotes":""},"categories":[20],"tags":[],"_links":{"self":[{"href":"https:\/\/krankenhauspfarramt.de\/index.php\/wp-json\/wp\/v2\/posts\/8567"}],"collection":[{"href":"https:\/\/krankenhauspfarramt.de\/index.php\/wp-json\/wp\/v2\/posts"}],"about":[{"href":"https:\/\/krankenhauspfarramt.de\/index.php\/wp-json\/wp\/v2\/types\/post"}],"author":[{"embeddable":true,"href":"https:\/\/krankenhauspfarramt.de\/index.php\/wp-json\/wp\/v2\/users\/2"}],"replies":[{"embeddable":true,"href":"https:\/\/krankenhauspfarramt.de\/index.php\/wp-json\/wp\/v2\/comments?post=8567"}],"version-history":[{"count":1,"href":"https:\/\/krankenhauspfarramt.de\/index.php\/wp-json\/wp\/v2\/posts\/8567\/revisions"}],"predecessor-version":[{"id":8569,"href":"https:\/\/krankenhauspfarramt.de\/index.php\/wp-json\/wp\/v2\/posts\/8567\/revisions\/8569"}],"wp:featuredmedia":[{"embeddable":true,"href":"https:\/\/krankenhauspfarramt.de\/index.php\/wp-json\/wp\/v2\/media\/8568"}],"wp:attachment":[{"href":"https:\/\/krankenhauspfarramt.de\/index.php\/wp-json\/wp\/v2\/media?parent=8567"}],"wp:term":[{"taxonomy":"category","embeddable":true,"href":"https:\/\/krankenhauspfarramt.de\/index.php\/wp-json\/wp\/v2\/categories?post=8567"},{"taxonomy":"post_tag","embeddable":true,"href":"https:\/\/krankenhauspfarramt.de\/index.php\/wp-json\/wp\/v2\/tags?post=8567"}],"curies":[{"name":"wp","href":"https:\/\/api.w.org\/{rel}","templated":true}]}}