{"id":8573,"date":"2025-09-03T14:11:37","date_gmt":"2025-09-03T14:11:37","guid":{"rendered":"https:\/\/krankenhauspfarramt.de\/index.php\/2025\/09\/03\/digitale-medienethik-theologische-und-humanistische-perspektiven-im-dialog-ekd\/"},"modified":"2025-09-03T14:11:39","modified_gmt":"2025-09-03T14:11:39","slug":"digitale-medienethik-theologische-und-humanistische-perspektiven-im-dialog-ekd","status":"publish","type":"post","link":"https:\/\/krankenhauspfarramt.de\/index.php\/2025\/09\/03\/digitale-medienethik-theologische-und-humanistische-perspektiven-im-dialog-ekd\/","title":{"rendered":"Digitale Medienethik \u2013 Theologische und humanistische Perspektiven im Dialog \u2013 EKD"},"content":{"rendered":"<p> <br \/>\n<\/p>\n<div>\n<p><span style=\"line-height:107%\">Welche Bedeutung hat Menschenw\u00fcrde in der digitalen Welt? Kann K\u00fcnstliche Intelligenz kreativ sein? Wo findet Freiheit im Internet ihre Grenzen? Diesen Fragen der digitalen Medienethik geht der Podcast &#8222;Bytes &amp; Geist&#8220; in sechs Folgen nach. Christina Costanza und Constantin Plaul suchen das Gespr\u00e4ch mit Expert:innen aus Theologie, Philosophie und Medienwissenschaft (Julian Nida-R\u00fcmelin, Nathalie Weidenfeld, Thorsten Dietz, Jessica Heesen, Christian Schicha, Manuela Lenzen, Florian H\u00f6hne, Toni Loh). <\/span><\/p>\n<\/p><\/div>\n<div id=\"\">\n<p>Der Podcast speist sich aus der Tagung \u201eDigitale Medienethik. Theologische und humanistische Perspektiven im Dialog&#8220;, die 2024 im Theologischen Studienseminar Pullach stattfand. Genau diesem Dialog gibt \u201eBytes &amp; Geist&#8220; Raum \u2013 denn Christentum und Humanismus teilen die Ideen von Menschenw\u00fcrde und Gemeinwohl. Doch bei den Themen Gott und Religion gehen sie teilweise scharf auseinander. Der Podcast beleuchtet Gemeinsamkeiten und Unterschiede im Hinblick auf medienethische Fragen. &#8222;Bytes und Geist&#8220; bereitet aktuelle Debatten f\u00fcr ein nicht-wissenschaftliches Publikum auf und schl\u00e4gt so eine Br\u00fccke zwischen Forschung und Praxis.<\/p>\n<p>Damit spricht der Podcast Personen an, die medienethische Bildungsprozesse gestalten: Lehrkr\u00e4ften und Dozierenden gibt er Fundiertes an die Hand, aus dem sie Impulse f\u00fcr den Unterricht ableiten k\u00f6nnen. Sch\u00fcler:innen, die in einer digitalisierten Welt aufwachsen, werden so im kritischen Umgang mit Medien und in der Reflexion der eigenen Mediennutzung geschult.<\/p>\n<p>Weitere Informationen finden Sie auf der Webseite von\u00a0Zum Staunen* und den Podcast auf bei\u00a0Spotify und Apple.<\/p>\n<p>Gef\u00f6rdert wurde das Projekt mit 15.244\u00a0Euro aus dem Digitalinnovationsfonds.<\/p>\n<\/div>\n","protected":false},"excerpt":{"rendered":"<p>Welche Bedeutung hat Menschenw\u00fcrde in der digitalen Welt? Kann K\u00fcnstliche Intelligenz kreativ sein? Wo findet Freiheit im Internet ihre Grenzen?<\/p>\n","protected":false},"author":2,"featured_media":8574,"comment_status":"closed","ping_status":"closed","sticky":false,"template":"","format":"standard","meta":{"footnotes":""},"categories":[20],"tags":[],"_links":{"self":[{"href":"https:\/\/krankenhauspfarramt.de\/index.php\/wp-json\/wp\/v2\/posts\/8573"}],"collection":[{"href":"https:\/\/krankenhauspfarramt.de\/index.php\/wp-json\/wp\/v2\/posts"}],"about":[{"href":"https:\/\/krankenhauspfarramt.de\/index.php\/wp-json\/wp\/v2\/types\/post"}],"author":[{"embeddable":true,"href":"https:\/\/krankenhauspfarramt.de\/index.php\/wp-json\/wp\/v2\/users\/2"}],"replies":[{"embeddable":true,"href":"https:\/\/krankenhauspfarramt.de\/index.php\/wp-json\/wp\/v2\/comments?post=8573"}],"version-history":[{"count":1,"href":"https:\/\/krankenhauspfarramt.de\/index.php\/wp-json\/wp\/v2\/posts\/8573\/revisions"}],"predecessor-version":[{"id":8575,"href":"https:\/\/krankenhauspfarramt.de\/index.php\/wp-json\/wp\/v2\/posts\/8573\/revisions\/8575"}],"wp:featuredmedia":[{"embeddable":true,"href":"https:\/\/krankenhauspfarramt.de\/index.php\/wp-json\/wp\/v2\/media\/8574"}],"wp:attachment":[{"href":"https:\/\/krankenhauspfarramt.de\/index.php\/wp-json\/wp\/v2\/media?parent=8573"}],"wp:term":[{"taxonomy":"category","embeddable":true,"href":"https:\/\/krankenhauspfarramt.de\/index.php\/wp-json\/wp\/v2\/categories?post=8573"},{"taxonomy":"post_tag","embeddable":true,"href":"https:\/\/krankenhauspfarramt.de\/index.php\/wp-json\/wp\/v2\/tags?post=8573"}],"curies":[{"name":"wp","href":"https:\/\/api.w.org\/{rel}","templated":true}]}}