{"id":8576,"date":"2025-09-03T23:22:00","date_gmt":"2025-09-03T23:22:00","guid":{"rendered":"https:\/\/krankenhauspfarramt.de\/index.php\/2025\/09\/03\/03-09-2025-rund-17-000-kinder-erleben-ihre-ferien-in-49-evangelischen-waldheimen-in-wuerttemberg\/"},"modified":"2025-09-03T23:22:00","modified_gmt":"2025-09-03T23:22:00","slug":"03-09-2025-rund-17-000-kinder-erleben-ihre-ferien-in-49-evangelischen-waldheimen-in-wuerttemberg","status":"publish","type":"post","link":"https:\/\/krankenhauspfarramt.de\/index.php\/2025\/09\/03\/03-09-2025-rund-17-000-kinder-erleben-ihre-ferien-in-49-evangelischen-waldheimen-in-wuerttemberg\/","title":{"rendered":"03.09.2025 Rund 17.000 Kinder erleben ihre Ferien in 49 evangelischen Waldheimen in W\u00fcrttemberg"},"content":{"rendered":"<p><\/p>\n<div>\n<h2>Sommererlebnis, sinnhafte Betreuung und Teilhabe seit mehreren Generationen<\/h2>\n<p>Stuttgart. Ferienwaldheime in W\u00fcrttemberg haben eine lange Tradition. Berufst\u00e4tige Eltern wissen die sinnhafte Betreuung zu sch\u00e4tzen, die ihnen hilft, die langen Sommerferien abzudecken. Und: F\u00fcr viele Familien sind die Waldheimferien die einzige M\u00f6glichkeit, dass ihre Kinder Urlaub machen k\u00f6nnen. Urspr\u00fcnglich entstanden, um Stadtkindern eine erholsame Zeit im Gr\u00fcnen zu erm\u00f6glichen, verbringen heute rund 17.000 Kinder pro Jahr ihre Ferien in 49 evangelischen w\u00fcrttembergischen Waldheimen.<\/p>\n<p>Die Ferienwaldheime bieten Kindern im Alter von 6 bis 14 Jahren w\u00e4hrend der Sommerferien eine besondere Mischung aus Spiel, Naturerlebnis und Gemeinschaft bis zum Hineinwachsen in Verantwortung f\u00fcr andere. Mit der Unterst\u00fctzung von \u00fcber 4.000 Ehrenamtlichen bieten die Ferienwaldheime ein buntes Programm von Gel\u00e4ndespielen und Bastelangeboten bis hin zu Andachten und Geschichten, die christliche Werte wie Respekt, R\u00fccksichtnahme und Verantwortung vermitteln.<\/p>\n<p>\u201eIch bin oft tief bewegt von dem gro\u00dfen freiwilligen Engagement der Waldheimmitarbeiterinnen und -mitarbeitern. Das ist fantastisch zu sehen. Manche geben ja sogar einen Teil ihres Urlaubs dran. Ich erlebe, Kinder und Jugendliche so voller Begeisterung, dass das weit ins Schuljahr hineintr\u00e4gt, vielleicht pr\u00e4gt es sogar ein Leben lang\u201c, sagt Eckart Schultz-Berg, Vorsitzender der <i>Arbeitsgemeinschaft Evangelische Ferien- und Waldheime in W\u00fcrttemberg<\/i> und Dekan in Bad Cannstatt.<\/p>\n<p><strong>Waldheimferien in Zahlen und Fakten:<\/strong><\/p>\n<ul>\n<li>Rund <strong>17.000 Kinder <\/strong>verbringen pro Jahr ihre Ferien in 49 evangelischen Ferienwaldheimen in W\u00fcrttemberg.<\/li>\n<li>Ca. <strong>3.100 Ehrenamtliche<\/strong> engagieren sich in der Gruppenbetreuung, ca. 950 in den Waldheimk\u00fcchen und 260 in den Waldheimleitungsteams.<\/li>\n<li>Das <strong>gr\u00f6\u00dfte Waldheim<\/strong> ist das Waldheim Gaffenberg in Heilbronn mit rund 1.700 Kindern in vier Wochen.<\/li>\n<li>Das<strong> kleinste Waldheim<\/strong> ist das in Kornwestheim mit rund 65 Kindern in zwei Wochen.<\/li>\n<li>Das <strong>\u00e4lteste Walheim<\/strong> ist das Ferienwaldheim Feuerbacher Tal: Es wurde in diesem Jahr 104 Jahre alt und feierte das 100-j\u00e4hrige Jubil\u00e4um nach, das wegen Corona nicht stattfinden konnte.<\/li>\n<li><strong>Nachwuchsf\u00f6rderung<\/strong> ist ein zentraler Pfeiler der Ferienwaldheimarbeit: Die Nachwuchsschulung nach den bundesweit anerkannten Juleica-Standards schult Jugendliche ab 14 Jahren. Damit erleben sie den \u00dcbergang vom Waldheimkind zur Gruppenleitung.<\/li>\n<\/ul>\n<p>Dan Peter<\/p>\n<p>Sprecher der Landeskirche<\/p>\n<\/p><\/div>\n","protected":false},"excerpt":{"rendered":"<p>Sommererlebnis, sinnhafte Betreuung und Teilhabe seit mehreren Generationen Stuttgart. Ferienwaldheime in W\u00fcrttemberg haben eine lange Tradition. Berufst\u00e4tige Eltern wissen die<\/p>\n","protected":false},"author":1,"featured_media":0,"comment_status":"closed","ping_status":"closed","sticky":false,"template":"","format":"standard","meta":{"footnotes":""},"categories":[21],"tags":[],"_links":{"self":[{"href":"https:\/\/krankenhauspfarramt.de\/index.php\/wp-json\/wp\/v2\/posts\/8576"}],"collection":[{"href":"https:\/\/krankenhauspfarramt.de\/index.php\/wp-json\/wp\/v2\/posts"}],"about":[{"href":"https:\/\/krankenhauspfarramt.de\/index.php\/wp-json\/wp\/v2\/types\/post"}],"author":[{"embeddable":true,"href":"https:\/\/krankenhauspfarramt.de\/index.php\/wp-json\/wp\/v2\/users\/1"}],"replies":[{"embeddable":true,"href":"https:\/\/krankenhauspfarramt.de\/index.php\/wp-json\/wp\/v2\/comments?post=8576"}],"version-history":[{"count":0,"href":"https:\/\/krankenhauspfarramt.de\/index.php\/wp-json\/wp\/v2\/posts\/8576\/revisions"}],"wp:attachment":[{"href":"https:\/\/krankenhauspfarramt.de\/index.php\/wp-json\/wp\/v2\/media?parent=8576"}],"wp:term":[{"taxonomy":"category","embeddable":true,"href":"https:\/\/krankenhauspfarramt.de\/index.php\/wp-json\/wp\/v2\/categories?post=8576"},{"taxonomy":"post_tag","embeddable":true,"href":"https:\/\/krankenhauspfarramt.de\/index.php\/wp-json\/wp\/v2\/tags?post=8576"}],"curies":[{"name":"wp","href":"https:\/\/api.w.org\/{rel}","templated":true}]}}