{"id":8577,"date":"2025-09-05T14:49:21","date_gmt":"2025-09-05T14:49:21","guid":{"rendered":"https:\/\/krankenhauspfarramt.de\/index.php\/2025\/09\/05\/trauer-um-altbischof-johannes-friedrich-ekd\/"},"modified":"2025-09-05T14:49:22","modified_gmt":"2025-09-05T14:49:22","slug":"trauer-um-altbischof-johannes-friedrich-ekd","status":"publish","type":"post","link":"https:\/\/krankenhauspfarramt.de\/index.php\/2025\/09\/05\/trauer-um-altbischof-johannes-friedrich-ekd\/","title":{"rendered":"Trauer um Altbischof Johannes Friedrich \u2013 EKD"},"content":{"rendered":"<p> <br \/>\n<\/p>\n<div>\n<p>N\u00fcrnberg\/M\u00fcnchen (epd). Der fr\u00fchere bayerische evangelische Landesbischof Johannes Friedrich ist tot. Wie die Landeskirche dem Evangelischen Pressedienst (epd) am Mittwoch mitteilte, starb er im Alter von 77 Jahren nach langer Krankheit in N\u00fcrnberg. \u201eJohannes Friedrich hat vorgelebt, wie der christliche Glaube die Freiheit schenkt, das Leben gut zu gestalten\u201c, sagte Landesbischof Christian Kopp. Er sei ein \u00f6kumenischer Br\u00fcckenbauer gewesen, der f\u00fcr eine Kirche mitten in der Welt eingetreten sei.<\/p>\n<p>Ministerpr\u00e4sident Markus S\u00f6der (CSU), selbst evangelischer Christ und fr\u00fcheres Mitglied des evangelischen Kirchenparlaments, teilte mit, dass ihn die Nachricht von Friedrichs Tod sehr bewegt habe. Mit Empathie, Toleranz und viel Herz habe er die Werte der Gemeinschaft und Gesellschaft vermittelt. Dabei sei er nicht nur entschlossen f\u00fcr die evangelisch-lutherische Kirche eingetreten, sondern habe immer das Verbindende der Weltkirchen gesucht &#8211; insbesondere f\u00fcr die Auss\u00f6hnung zwischen Judentum und Christentum, sagte S\u00f6der weiter.<\/p>\n<p>Auch bundesweit sorgte der Tod von Friedrich f\u00fcr Trauer. Friedrich sei ein warmherziger und weitsichtiger Lutheraner gewesen, der zugleich den einzelnen Menschen und das Ganze der Theologie im Blick behielt, w\u00fcrdigte der Leitende Bischof der VELKD, Landesbischof Ralf Meister (Hannover), einen seiner Amtsvorg\u00e4nger. Friedrich sei ein \u201ebeeindruckender Geistlicher\u201c gewesen, der f\u00fcr die weltweite \u00d6kumene gestritten habe.<\/p>\n<p>2000 bis 2005 war Friedrich Catholica-Beauftragter der VELKD, bevor er 2005 zum Leitenden Bischof der VELKD gew\u00e4hlt wurde. Dieses Amt \u00fcbte er bis 2011 aus, und zwar in Personalunion mit dem Amt des Vorsitzenden des Deutschen Nationalkomitees des Lutherischen Weltbundes. Von 2002 bis 2013 geh\u00f6rte Friedrich auch dem Rat der Evangelischen Kirche in Deutschland (EKD) an.<\/p>\n<p>Die EKD-Ratsvorsitzende Kirsten Fehrs sagte: \u201eJohannes Friedrich sch\u00f6pfte seine Kraft aus einem unverbr\u00fcchlichen Glauben und wirkte segensreich in vielen kirchlichen Bereichen: im Verk\u00fcndigungsdienst als Pfarrer, Propst und Bischof, als Seelsorger und als gro\u00dfer Br\u00fcckenbauer in der \u00d6kumene und im interreligi\u00f6sen Dialog.\u201c Sie habe ihn als theologisch klar und menschlich zugewandt erlebt, so die Hamburger Bisch\u00f6fin.<\/p>\n<p>Friedrich war von 1999 bis 2011 bayerischer Landesbischof. Besonders am Herzen h\u00e4tten ihm das christlich-j\u00fcdische Gespr\u00e4ch und der Dialog mit den Muslimen gelegen, teilte die Landeskirche mit. Friedrich sei gegen alle Formen von Extremismus und Antisemitismus eingetreten und habe zu den Gr\u00fcndern des Bayerischen \u201eB\u00fcndnisses f\u00fcr Toleranz &#8211; Demokratie und Menschenw\u00fcrde sch\u00fctzen\u201c geh\u00f6rt.<\/p>\n<p>Zudem war der Theologe sechs Jahre lang Propst der evangelischen Gemeinde in Jerusalem und Stadtdekan in N\u00fcrnberg. 1996 wurde er in die Landessynode gew\u00e4hlt. Er war Vorsitzender der Deutschen Bibelgesellschaft, Vorsitzender des Verwaltungsrats des Bayerischen Zentralbibelvereins und trieb in dieser Eigenschaft das Projekt Bibelmuseum, das 2023 eingeweiht wurde, in N\u00fcrnberg voran.<\/p>\n<p>Nach zw\u00f6lf Jahren Dienstzeit als Bischof w\u00fcnschte sich Friedrich noch ein Leben als einfacher Dorfpfarrer und tat bis zu seiner Pensionierung im fr\u00e4nkischen Bertholdsdorf Dienst. Friedrich hinterl\u00e4sst eine Frau und zwei T\u00f6chter.<\/p>\n<p>Die gemeinsame EKD- und VELKD-Pressemitteilung finden Sie hier<\/p>\n<p>\u00a0<\/p>\n<\/p><\/div>\n","protected":false},"excerpt":{"rendered":"<p>N\u00fcrnberg\/M\u00fcnchen (epd). Der fr\u00fchere bayerische evangelische Landesbischof Johannes Friedrich ist tot. Wie die Landeskirche dem Evangelischen Pressedienst (epd) am Mittwoch<\/p>\n","protected":false},"author":2,"featured_media":8578,"comment_status":"closed","ping_status":"closed","sticky":false,"template":"","format":"standard","meta":{"footnotes":""},"categories":[20],"tags":[],"_links":{"self":[{"href":"https:\/\/krankenhauspfarramt.de\/index.php\/wp-json\/wp\/v2\/posts\/8577"}],"collection":[{"href":"https:\/\/krankenhauspfarramt.de\/index.php\/wp-json\/wp\/v2\/posts"}],"about":[{"href":"https:\/\/krankenhauspfarramt.de\/index.php\/wp-json\/wp\/v2\/types\/post"}],"author":[{"embeddable":true,"href":"https:\/\/krankenhauspfarramt.de\/index.php\/wp-json\/wp\/v2\/users\/2"}],"replies":[{"embeddable":true,"href":"https:\/\/krankenhauspfarramt.de\/index.php\/wp-json\/wp\/v2\/comments?post=8577"}],"version-history":[{"count":1,"href":"https:\/\/krankenhauspfarramt.de\/index.php\/wp-json\/wp\/v2\/posts\/8577\/revisions"}],"predecessor-version":[{"id":8579,"href":"https:\/\/krankenhauspfarramt.de\/index.php\/wp-json\/wp\/v2\/posts\/8577\/revisions\/8579"}],"wp:featuredmedia":[{"embeddable":true,"href":"https:\/\/krankenhauspfarramt.de\/index.php\/wp-json\/wp\/v2\/media\/8578"}],"wp:attachment":[{"href":"https:\/\/krankenhauspfarramt.de\/index.php\/wp-json\/wp\/v2\/media?parent=8577"}],"wp:term":[{"taxonomy":"category","embeddable":true,"href":"https:\/\/krankenhauspfarramt.de\/index.php\/wp-json\/wp\/v2\/categories?post=8577"},{"taxonomy":"post_tag","embeddable":true,"href":"https:\/\/krankenhauspfarramt.de\/index.php\/wp-json\/wp\/v2\/tags?post=8577"}],"curies":[{"name":"wp","href":"https:\/\/api.w.org\/{rel}","templated":true}]}}